{"id":621,"date":"2015-06-28T09:43:10","date_gmt":"2015-06-28T09:43:10","guid":{"rendered":"http:\/\/www.michaellaitman.com\/no\/?p=621"},"modified":"2016-09-02T14:34:46","modified_gmt":"2016-09-02T12:34:46","slug":"difference-sarah-silverman-2011-michael-douglas-2015","status":"publish","type":"post","link":"https:\/\/www.michaellaitman.com\/no\/nyheter\/difference-sarah-silverman-2011-michael-douglas-2015\/","title":{"rendered":"Forskjellen mellom Sarah Silverman i 2011, og Michael Douglas i 2015"},"content":{"rendered":"<p><span style=\"font-weight: 400\">Ved \u00e5 se p\u00e5 tittelen lurer du nok p\u00e5 \u201cHva er forskjellen? Du mener sikkert \u201cHva er sammenhengen mellom Sarah Silverman i 2011 og Michael Douglas \u00a0i 2015!\u201d\u00a0<\/span><span style=\"font-weight: 400\">Vel, jeg snakker ikke om sammenhengen mellom dem personlig, men om forskjellen i publikums reaksjoner p\u00e5 to lignende uttalelser de begge gjorde, med fire \u00e5rs mellomrom. I 2011 svarte komiker Sarah Sliverman til Piers Morgans i et <\/span><a href=\"https:\/\/www.youtube.com\/watch?v=JvxOUvMn9QM\"><span style=\"font-weight: 400\">CNN intervju<\/span><\/a><span style=\"font-weight: 400\">: \u201cHvis det er en ting vi m\u00e5 innse, \u00a0er det at generelt sett hater hele verden j\u00f8der, vet du? Men det er hyggelig \u00e5 v\u00e6re en \u201cunderdog.\u201d Mye har skjedd etter denne uttalelsen. Youtube videoen har mindre en 13.000 visninger. Fire \u00e5r senere rapporterte Michael Douglas om en <\/span><a href=\"http:\/\/www.latimes.com\/opinion\/op-ed\/la-oe-0315-douglas-anti-semitism-20150315-story.html\"><span style=\"font-weight: 400\">antisemittisk hendelse<\/span><\/a><span style=\"font-weight: 400\"> s\u00f8nnen hadde hatt i Europa, og historien gikk viralt.<\/span><\/p>\n<p>&nbsp;<\/p>\n<p>Det er ikke bare det at Sarah Silverman i 2011 ikke var like kjent som i dag. Morgan sp\u00f8r selv om hennes popularitet i intervjuet. Forskjellen i media responsen har etter mitt syn mer \u00e5 gj\u00f8re med den eksponentielle og verdensomspennende vekst av antisemittisme i l\u00f8pet av de fire \u00e5rene, enn med niv\u00e5et av populariteten til de to kjendisene.<\/p>\n<p>&nbsp;<\/p>\n<p>Generelt er jeg enig med Ms. Silverman. Jeg sympatiserer ogs\u00e5 med Mr. Douglas og har selv opplevd anti- semittisme i min ungdom. Og det kan v\u00e6re hyggelig \u00e5 v\u00e6re \u201cunderdog\u201d, som Ms. Silverman bemerket, men jeg tror ikke verden anser j\u00f8der som \u201cunderdogs.\u201d De hater skurkene, og der er slik vi er ansett av de fleste i verden.<\/p>\n<p>&nbsp;<\/p>\n<p><span style=\"font-weight: 400\">Hadde ikke USA forsvart Israel i FN mange ganger i \u00e5renes l\u00f8p, er sannheten at verdens syn p\u00e5 Israel spesielt, og j\u00f8der generelt, ville ha blitt avsl\u00f8rt for mange \u00e5r siden. F\u00f8rst n\u00e5, med USAs avtagende st\u00f8tte, begynner vi \u00e5 f\u00f8le presset, med slike absurde utsagn som FNs kommisjon for kvinners status ga, der man sl\u00e5r fast at <\/span><a href=\"http:\/\/www.timesofisrael.com\/israel-singled-out-at-un-for-womens-right-violations\/#ixzz3V7lnn29U\"><span style=\"font-weight: 400\">Israel er den verste overtreder av kvinners rettferdighet i verden<\/span><\/a><\/p>\n<p>&nbsp;<\/p>\n<p><span style=\"font-weight: 400\">Det er forst\u00e5elig, men samtidig beklagelig at noen j\u00f8der og noen av den j\u00f8diske pressen fortsatt er i fornektelse om den \u00f8kende antisemittismen i USA. Ledere som <\/span><a href=\"http:\/\/forward.com\/articles\/217167\/the-anti-semitism-surge-that-isnt\/\"><span style=\"font-weight: 400\">\u201cThe Anti-semitism Surge Thats Isn\u00b4t\u201d<\/span><\/a><span style=\"font-weight: 400\"> hjelper oss ikke til \u00e5 innse fakta og begynne \u00e5 tenke p\u00e5 hvordan man skal takle antisemittisme, i stedet for \u00e5 begrave hodet i sanden og late som det ikke eksisterer.<\/span><\/p>\n<p>&nbsp;<\/p>\n<p><span style=\"font-weight: 400\">Hvis vi venter p\u00e5 at<\/span><a href=\"http:\/\/www.worldjewishcongress.org\/en\/news\/jewish-leaders-testify-to-us-congress-on-rising-anti-semitism\"><span style=\"font-weight: 400\"> regjeringen skal handle mot antisemittisme<\/span><\/a><span style=\"font-weight: 400\">, enten i Europa eller i USA, vil vi bli veldig skuffet. Ikke bare det, men vi vil m\u00e5tte betale en veldig h\u00f8y pris.<\/span><\/p>\n<p>&nbsp;<\/p>\n<p>Hvis det er en god ting med antisemittisme, er det at det f\u00e5r oss til \u00e5 legge hodene v\u00e5re sammen for \u00e5 tenke. Fordi n\u00e5r vi setter v\u00e5re hoder sammen (vekt p\u00e5 ordet \u201csammen\u201d) skjer det gode ting. I mange \u00e5r har mange ikke- j\u00f8der v\u00e6rt fascinert av det j\u00f8diske fellesskap, av solidaritet blant medlemmer i v\u00e5r nasjon. Verden sanser med rett at det er noe spesielt med det, men vi deler det ikke! Og det faktum at vi er utvidende om v\u00e5r unikhet, gj\u00f8r ingen forskjell, for akkurat som deres f\u00f8lelser er irrasjonelle, er deres hat ogs\u00e5 det. Men n\u00e5r vi ikke er klar over v\u00e5r makt, kan vi ikke benyttes oss av det. Hvis vi gjorde det, kunne vi ha brukt det til v\u00e5r fordel og til fordel for verden, og det er ingen tvil om at vi ville gj\u00f8re det.<\/p>\n<p>&nbsp;<\/p>\n<p>Kilden til v\u00e5r makt ligger ikke i hjernen. Det finnes mange flotte j\u00f8diske tenkere, men v\u00e5rt geni og en rekke prestasjoner i vitenskap, teknologi, medisin, kultur og \u00f8konomi har ikke dempet verdens hat og sinne. Menneskeheten har ikke noen hastverk med \u00e5 takke oss.<\/p>\n<p>&nbsp;<\/p>\n<p>Det er kun en ting vi m\u00e5 gi til verden, men det gj\u00f8r vi ikke og derfor finnes det antisemittisme. Den j\u00f8diske nasjonen ble etablert for mange hundre \u00e5r siden p\u00e5 grunnlag av en unik pakt, \u201cElsk din neste som deg selv\u201d \u00e5 v\u00e6re som \u201cEn mann med ett hjerte\u201d forent under den grunnsetningen. Det er en spesiell type enhet, en som omfavner hver person som de er, uten \u00e5 pr\u00f8ve \u00e5 endre noe, men heller oppmuntre hvert medlem i samfunnet til \u00e5 bidra med hans eller hennes unike ferdigheter, for det felles beste. Ved \u00e5 gj\u00f8re dette, skaper samfunnet et nettverk av b\u00e5nd som overg\u00e5r v\u00e5r iboende egeninteresse og gir oss mulighet til \u00e5 bygge et b\u00e6rekraftig samfunn hvor vi blomstrer individuelt, og p\u00e5 den m\u00e5ten bidrar til kraften i samfunnet.<\/p>\n<p>&nbsp;<\/p>\n<p>I dag synes et slikt samfunn nesten urealistisk. Men n\u00e5r vi kom ut av Egypt og samlet oss rundt Mount Sinai, skjedde det en forunderlig ting. Vi sto rundt et fjell av sinaah (hat), derav navnet Sinai, og forenet over det. P\u00e5 denne m\u00e5ten erobret vi hatet, ikke ved \u00e5 undertrykke det, men ved \u00e5 finne et punkt av enhet over!<\/p>\n<p>&nbsp;<\/p>\n<p>Og n\u00e5r vi oppn\u00e5dde denne enheten, fikk vi en oppgave om \u00e5 v\u00e6re et lys for nasjonene. Vi lurer ofte p\u00e5 hva denne oppgave inneb\u00e6rer, og om det finnes noen som helst relevans til det i disse dager. Men hvis vi tenker p\u00e5 den enheten, og tenker p\u00e5 det raknende menneskelige samfunn, vil vi innse at verden trenger nettopp denne type enhet.<\/p>\n<p>&nbsp;<\/p>\n<p>For omtrent to tusen \u00e5r siden pr\u00f8vde Rabbi Akiva \u00e5 l\u00e6re oss \u00e5 elske v\u00e5r neste som oss selv. Men da vi feilet, mistet vi ogs\u00e5 v\u00e5rt land og ble sendt i eksil. N\u00e5r vi installerer ubegrunnet hat i v\u00e5re hjerter i stedet for den broderlige kj\u00e6rligheten vi hadde f\u00f8r, blir vi beskyldt for \u00e5 v\u00e6re krigshissere og spre strid og uvilje.<\/p>\n<p>&nbsp;<\/p>\n<p>B\u00e5de j\u00f8der og ikke-j\u00f8der vet at vi har som oppgave \u00e5 v\u00e6re lys for nasjonene. Men n\u00e5r vi ikke st\u00e5r samlet, gir vi det motsatte eksempelet og vi har f\u00e5tt skylden for alle problemer. Verden f\u00f8lger n\u00f8ye med p\u00e5 hver eneste bevegelse vi gj\u00f8r. Nesten hver FN-resolusjon om menneskerettigheter ang\u00e5r Israels brudd p\u00e5 dem. Har vi noen gang lurt p\u00e5 hvorfor? Anklagende kan v\u00e6re saklig usanne, men dette har aldri stoppet verden fra \u00e5 skylde p\u00e5 oss. I stede for \u00e5 f\u00f8le oss utsatt, tror jeg det m\u00e5 f\u00e5 oss til \u00e5 lure p\u00e5 hva de \u00f8nsker fra oss.<\/p>\n<p>&nbsp;<\/p>\n<p><span style=\"font-weight: 400\">Fra alle mine studier har jeg l\u00e6rt at de \u00f8nsker at vi gjenoppretter det unike samholdet vi hadde, og deler det med hele verden. Som jeg har <\/span><a href=\"http:\/\/www.michaellaitman.com\/news\/feedback-new-york-times-article-jews-owe-world\/\"><span style=\"font-weight: 400\">skrevet<\/span><\/a><span style=\"font-weight: 400\"> i New York Times, skylder vi verden dette.<\/span><\/p>\n<p>&nbsp;<\/p>\n<p><span style=\"font-weight: 400\">Det n\u00e5v\u00e6rende <\/span><a href=\"http:\/\/mondoweiss.net\/2015\/03\/american-taking-israel\"><span style=\"font-weight: 400\">rift<\/span><\/a><span style=\"font-weight: 400\"> mellom Israel og amerikanske j\u00f8der gir et forferdelig eksempel til verden. Folk flest skiller ikke mellom Israel og diaspora j\u00f8der, og for regjeringer er det bare et diplomatisk p\u00e5skudd for \u00e5 gjenoppta den samme gamle anti-semittismen.<\/span><\/p>\n<p>&nbsp;<\/p>\n<p>Vi har ikke r\u00e5d til \u00e5 kaste bort tid. Den globale krisen blir verre, og jo verre det blir, jo mer voldelig og ondartet blir ogs\u00e5 anti-semittismen. Vi er n\u00f8dt til \u00e5 begynne \u00e5 jobbe med v\u00e5r enhet, med sikte p\u00e5 og etterhvert v\u00e6re som \u201cEn mann med ett hjerte.\u201d Dette er det eneste vi kan gi til verden, og som verden trenger og \u00f8nsker.<\/p>\n<p>&nbsp;<\/p>\n<p><i><span style=\"font-weight: 400\">Opprinnelig publisert i<\/span><\/i><a href=\"http:\/\/www.jewishjournal.com\/thejewishtribe\/item\/the_difference_between_sarah_silverman_in_2011_and_michael_douglas_in_2015\"> <b><i>The Jewish Journal<\/i><\/b><\/a><\/p>\n<p>&nbsp;<\/p>\n","protected":false},"excerpt":{"rendered":"<p>Ved \u00e5 se p\u00e5 tittelen lurer du nok p\u00e5 \u201cHva er forskjellen? Du mener sikkert \u201cHva er sammenhengen mellom Sarah Silverman i 2011 og Michael Douglas \u00a0i 2015!\u201d\u00a0Vel, jeg snakker ikke om sammenhengen mellom dem personlig, men om forskjellen i<span class=\"ellipsis\">&hellip;<\/span><\/p>\n<div class=\"read-more\"><a href=\"https:\/\/www.michaellaitman.com\/no\/nyheter\/difference-sarah-silverman-2011-michael-douglas-2015\/\">Read more &#8250;<\/a><\/div>\n<p><!-- end of .read-more --><\/p>\n","protected":false},"author":1,"featured_media":0,"comment_status":"open","ping_status":"open","sticky":false,"template":"","format":"standard","meta":{"ngg_post_thumbnail":0,"footnotes":""},"categories":[5],"tags":[255,259,258,246,260,256,257,182],"class_list":["post-621","post","type-post","status-publish","format-standard","hentry","category-nyheter","tag-anti-semittisme","tag-joder","tag-jodisk","tag-jodisk-historie","tag-jodiske-bond","tag-michael-douglas","tag-sarah-silverman","tag-solidaritet"],"_links":{"self":[{"href":"https:\/\/www.michaellaitman.com\/no\/wp-json\/wp\/v2\/posts\/621","targetHints":{"allow":["GET"]}}],"collection":[{"href":"https:\/\/www.michaellaitman.com\/no\/wp-json\/wp\/v2\/posts"}],"about":[{"href":"https:\/\/www.michaellaitman.com\/no\/wp-json\/wp\/v2\/types\/post"}],"author":[{"embeddable":true,"href":"https:\/\/www.michaellaitman.com\/no\/wp-json\/wp\/v2\/users\/1"}],"replies":[{"embeddable":true,"href":"https:\/\/www.michaellaitman.com\/no\/wp-json\/wp\/v2\/comments?post=621"}],"version-history":[{"count":1,"href":"https:\/\/www.michaellaitman.com\/no\/wp-json\/wp\/v2\/posts\/621\/revisions"}],"predecessor-version":[{"id":738,"href":"https:\/\/www.michaellaitman.com\/no\/wp-json\/wp\/v2\/posts\/621\/revisions\/738"}],"wp:attachment":[{"href":"https:\/\/www.michaellaitman.com\/no\/wp-json\/wp\/v2\/media?parent=621"}],"wp:term":[{"taxonomy":"category","embeddable":true,"href":"https:\/\/www.michaellaitman.com\/no\/wp-json\/wp\/v2\/categories?post=621"},{"taxonomy":"post_tag","embeddable":true,"href":"https:\/\/www.michaellaitman.com\/no\/wp-json\/wp\/v2\/tags?post=621"}],"curies":[{"name":"wp","href":"https:\/\/api.w.org\/{rel}","templated":true}]}}