{"id":527,"date":"2015-06-17T11:15:26","date_gmt":"2015-06-17T11:15:26","guid":{"rendered":"http:\/\/www.michaellaitman.com\/no\/?p=527"},"modified":"2016-07-25T15:26:42","modified_gmt":"2016-07-25T13:26:42","slug":"letter-influencers-advance-g-20-cannes-summit","status":"publish","type":"post","link":"https:\/\/www.michaellaitman.com\/no\/nyheter\/letter-influencers-advance-g-20-cannes-summit\/","title":{"rendered":"Brev til innflytelserike i forkant av G-20 toppm\u00f8te i Cannes"},"content":{"rendered":"<h3><b>F\u00f8lgende brev ble skrevet p\u00e5 vegne av Ari Instituttet og sendt til hundrevis av innflytelserike personer innen politikk, \u00f8konomi, n\u00e6ringsliv og andre felt med sikte p\u00e5 \u00e5 legge dialogen mot og bringe l\u00f8sninger p\u00e5 krisene menneskeheten st\u00e5r ovenfor.<\/b><\/h3>\n<p>&nbsp;<\/p>\n<p><span style=\"font-weight: 400\">Kj\u00e6re Mr. Mrs.<\/span><\/p>\n<p>&nbsp;<\/p>\n<p><span style=\"font-weight: 400\">Konsekvensene av den eskalerende finanskrisen undergraver den \u00f8konimiske og sosiale stabilitet, setter sp\u00f8rsm\u00e5lstegn ved b\u00e6rekraften til regjerninger i mange land. Mange har mistet jobbene sine og \/eller deres spare penger, og er i ferd med \u00e5 miste troen p\u00e5 deres evne som ledere, og \u00e5 kunne gi dem \u00f8konomisk sikkerhet eller levedyktige l\u00f8sninger for fremtiden. Midt i den globale usikkerheten, sammenkomsten eksemplifisert ved de ulike protestbevegelsene, konsoller midlertidig misn\u00f8ye. Samtidig skaper det en farlig dynamikk som uforminsket vil f\u00f8re til utvidet og forsterket uro. <\/span><\/p>\n<p>&nbsp;<\/p>\n<p><span style=\"font-weight: 400\">Den gjensidig globale avhengighet og ti\u00e5r med \u00f8konomisk overskudd har gjort konvensjonell finans-og penge l\u00f8sninger ineffektiv. Som et resultat har den nasjonale gjelden ub\u00f8nnh\u00f8rlig \u00f8kt, og hindrer deres evne til \u00e5 kontinuerlig tilby meningsfulle l\u00f8sninger p\u00e5 de sosiale og \u00f8konomiske utfordringer vi st\u00e5r overfor. I en slik virkelighet vil arbeidsledighet stige drastisk, som vil f\u00f8re til sosial uro og protester, noe som igjen vil presentere en reell trussel mot stabl\u00edliteten i land, og til alle de internasjonale sosiale, \u00f8konomiske og politiske systemer. <\/span><\/p>\n<p>&nbsp;<\/p>\n<p><span style=\"font-weight: 400\">For \u00e5 opprettholde statens stabilitet, mener vi at arbeidsledighet b\u00f8r behandles som et problem som krever umiddelbar og spesifikk oppmerksomhet. Vi foresl\u00e5r at dristige tiltak n\u00e5 er p\u00e5lagt til \u00e5 stoppe denne syklus av nedgang vi befinner oss i. For \u00e5 oppn\u00e5 dette foresl\u00e5r vi at en nasjonal krise mekanisme blir etablerte, med f\u00f8gende m\u00e5l:<\/span><\/p>\n<p>&nbsp;<\/p>\n<ul>\n<li style=\"font-weight: 400\"><span style=\"font-weight: 400\">\u00c5 Integrere arbeidsledige i et p\u00e5g\u00e5ende studie rammeverk som (beskrevet nedenfor) vil bli ansett som \u201carbeid\u201d;<\/span><\/li>\n<li style=\"font-weight: 400\"><span style=\"font-weight: 400\">Hindre offentlig lediggang, bitterhet, masse-demonstrasjon og protester.<\/span><\/li>\n<li style=\"font-weight: 400\"><span style=\"font-weight: 400\">Gi arbeidsledige verkt\u00f8y for \u00e5 komme inn i arbeidslivet igjen.<\/span><\/li>\n<li style=\"font-weight: 400\"><span style=\"font-weight: 400\">Gi stipend som dekker grunnleggende behov, og mulighet til et verdig liv, i henhold til deltakelse i studie rammeverk.<\/span><\/li>\n<li style=\"font-weight: 400\"><span style=\"font-weight: 400\">Gjenopprette arbeidslediges verdighet med en oppgradering av sosial status for\u00a0den arbeidsledige fra \u201cutst\u00f8tt\u201d til personer som forf\u00f8lger \u201cforbedring\u201d av sine sosiale og faglige ferdigheter. <\/span><\/li>\n<li style=\"font-weight: 400\"><span style=\"font-weight: 400\">Styrking av empati med staten og sosial utjevning, s\u00e6rlig n\u00e5 i krisetider. <\/span><\/li>\n<\/ul>\n<p><span style=\"font-weight: 400\">Innholdet i studierammeverk for arbeidsledige vil v\u00e6re som f\u00f8lger:<\/span><\/p>\n<ul>\n<li style=\"font-weight: 400\"><span style=\"font-weight: 400\">Personlig \u00f8konomi. Dette vil gi rom for et verdig livsopphold under den mulighet stipendet for de arbeidsledige tillater. <\/span><\/li>\n<li style=\"font-weight: 400\"><span style=\"font-weight: 400\">L\u00e6re \u00e5 leve under forhold med usikkerhet. Dette vil omfatte \u00e5 opprettholde soliditet av familie enheten, med spesiell vekt p\u00e5 foreldre rollen, styrke og opprettholde mentale og emosjonell soliditet, utvikling og forbedring av sosiale ferdigheter.<\/span><\/li>\n<li style=\"font-weight: 400\"><span style=\"font-weight: 400\">Utdanne folk om konsekvens av styrking i\u00a0samhold mellom individer, bedrifter og land. Hvordan det p\u00e5virker menneskers grunnleggende behov, og v\u00e5r daglige virkelighet p\u00e5 et nasjonalt og internasjonalt niv\u00e5. Hver enkelt person forventes \u00e5 realisere at i den globale alder, er alle som en av oss, vanlige borgere og de rike og mektige og beslutningstakerne, i samme b\u00e5t.<\/span><\/li>\n<li style=\"font-weight: 400\"><span style=\"font-weight: 400\">Gi de n\u00f8dvendig sosiale ferdigheter for en b\u00e6rekraftig eksistens i en sammenvevd verden: sosial solidaritet, omtanke for andre og milj\u00f8et, og et balansert og fornuftig forbruk.<\/span><\/li>\n<\/ul>\n<p>&nbsp;<\/p>\n<p><span style=\"font-weight: 400\">En slik kriseb\u00e5ren utdannings- mekanismen vil lette folks sinn, og dermed gi regjeringen den n\u00f8dvendige tidsramme for \u00e5 takle de globale utfordringer, og vil sikre nasjonal og internasjonal stabilitet.<\/span><\/p>\n<p>&nbsp;<\/p>\n<p><span style=\"font-weight: 400\">Som en pedagogisk organisasjon som samarbeider med andre organisasjoner p\u00e5 h\u00f8yeste niv\u00e5, ville vi \u00f8nske velkommen en mulighet til \u00e5 ta kontakt med dere, for \u00e5 gi de n\u00f8dvendige verkt\u00f8y og kompetanse til \u00e5 gjennomf\u00f8re v\u00e5r plan.<\/span><\/p>\n<p>&nbsp;<\/p>\n<p><span style=\"font-weight: 400\">Med vennlig hilsen,<\/span><\/p>\n<p>&nbsp;<\/p>\n<p><span style=\"font-weight: 400\">The ARI Institute<\/span><\/p>\n<p><a href=\"http:\/\/www.ariresearch.org\/\"><span style=\"font-weight: 400\">www.ariresearch.org<\/span><\/a><\/p>\n","protected":false},"excerpt":{"rendered":"<p>F\u00f8lgende brev ble skrevet p\u00e5 vegne av Ari Instituttet og sendt til hundrevis av innflytelserike personer innen politikk, \u00f8konomi, n\u00e6ringsliv og andre felt med sikte p\u00e5 \u00e5 legge dialogen mot og bringe l\u00f8sninger p\u00e5 krisene menneskeheten st\u00e5r ovenfor. &nbsp; Kj\u00e6re<span class=\"ellipsis\">&hellip;<\/span><\/p>\n<div class=\"read-more\"><a href=\"https:\/\/www.michaellaitman.com\/no\/nyheter\/letter-influencers-advance-g-20-cannes-summit\/\">Read more &#8250;<\/a><\/div>\n<p><!-- end of .read-more --><\/p>\n","protected":false},"author":1,"featured_media":0,"comment_status":"open","ping_status":"open","sticky":false,"template":"","format":"standard","meta":{"ngg_post_thumbnail":0,"footnotes":""},"categories":[19,5],"tags":[],"class_list":["post-527","post","type-post","status-publish","format-standard","hentry","category-artikler","category-nyheter"],"_links":{"self":[{"href":"https:\/\/www.michaellaitman.com\/no\/wp-json\/wp\/v2\/posts\/527","targetHints":{"allow":["GET"]}}],"collection":[{"href":"https:\/\/www.michaellaitman.com\/no\/wp-json\/wp\/v2\/posts"}],"about":[{"href":"https:\/\/www.michaellaitman.com\/no\/wp-json\/wp\/v2\/types\/post"}],"author":[{"embeddable":true,"href":"https:\/\/www.michaellaitman.com\/no\/wp-json\/wp\/v2\/users\/1"}],"replies":[{"embeddable":true,"href":"https:\/\/www.michaellaitman.com\/no\/wp-json\/wp\/v2\/comments?post=527"}],"version-history":[{"count":1,"href":"https:\/\/www.michaellaitman.com\/no\/wp-json\/wp\/v2\/posts\/527\/revisions"}],"predecessor-version":[{"id":726,"href":"https:\/\/www.michaellaitman.com\/no\/wp-json\/wp\/v2\/posts\/527\/revisions\/726"}],"wp:attachment":[{"href":"https:\/\/www.michaellaitman.com\/no\/wp-json\/wp\/v2\/media?parent=527"}],"wp:term":[{"taxonomy":"category","embeddable":true,"href":"https:\/\/www.michaellaitman.com\/no\/wp-json\/wp\/v2\/categories?post=527"},{"taxonomy":"post_tag","embeddable":true,"href":"https:\/\/www.michaellaitman.com\/no\/wp-json\/wp\/v2\/tags?post=527"}],"curies":[{"name":"wp","href":"https:\/\/api.w.org\/{rel}","templated":true}]}}