{"id":393,"date":"2014-03-28T14:42:59","date_gmt":"2014-03-28T14:42:59","guid":{"rendered":"http:\/\/www.michaellaitman.com\/no\/?p=393"},"modified":"2025-05-25T14:45:58","modified_gmt":"2025-05-25T12:45:58","slug":"todays-biggest-crisis-really-opportunity","status":"publish","type":"post","link":"https:\/\/www.michaellaitman.com\/no\/artikler\/todays-biggest-crisis-really-opportunity\/","title":{"rendered":"Hvordan dagens st\u00f8rste kriser egentlig er en mulighet"},"content":{"rendered":"<p><i><span style=\"font-weight: 400\">Lever vi resultatene av v\u00e5re tidligere feil, eller f\u00f8lger livet en omfattende lov, en generell tendens? Eller er det en uung\u00e5elig prosess vi m\u00e5 oppleve, for senere \u00e5 kunne oppn\u00e5 fordelene?<\/span><\/i><\/p>\n<h2><b>Forvirret av dagens st\u00f8rste krise? Les dette!<\/b><\/h2>\n<p>&nbsp;<\/p>\n<p><span style=\"font-weight: 400\">Faktisk er ikke begrepet \u201ckrise\u201d negativt. Selv om det er slik vi definerer de aktuelle situasjoner &#8211; en \u00f8konomisk krise, krise i utdanning, krise i vitenskap &#8211; de er alle aspekter av en enkel, global og integrert krise. En krise i alle aspekter av menneskelig engasjement. Vi bruker begrepet \u201ckrise\u201d for \u00e5 betegne et problem, da den faktiske betydningen av ordet er \u201cf\u00f8des til en ny tilstand,\u201d i dette tilfellet, en tilstand av \u201c\u00e5 v\u00e6re.\u201d \u00a0<\/span><\/p>\n<p>&nbsp;<\/p>\n<p>Vi vet av erfaring at vi har en tendens til \u00e5 f\u00f8le oss selv tilfreds, og dermed forbli i en posisjon vi er kjent med. Vaner setter tonen, og vaner er som vi alle vet, er vonde \u00e5 vende, spesielt de d\u00e5rlige. N\u00e5r et system er p\u00e5 plass og vi ikke trenger \u00e5 bruke s\u00e5 mye energi p\u00e5 \u00e5 opprettholde det, blir vi late og lener oss mot det som er trygt og kjent.<\/p>\n<p>&nbsp;<\/p>\n<p>Hvis vi likevel ser en lykkelig fremtid bestemt for oss, marsjerer vi mot den med tillit, og overgangen blir enkel. Hvis overgangen er vanskelig og avskrekkende, og vi ikke ser noen fremtid, vil v\u00e5r situasjon synes virkelig tragisk.<\/p>\n<p>&nbsp;<\/p>\n<p><span style=\"font-weight: 400\">Derfor m\u00e5 vi f\u00f8rst unders\u00f8ke hvorvidt v\u00e5r situasjon faktisk er tragisk. Tenk p\u00e5 et foster som vokser i sin mors liv. Det ligger der i sitt beskyttende ly, helt til en sv\u00e6rt ubehagelig prosess setter i gang &#8211; \u00a0f\u00f8dsel!<\/span><\/p>\n<p>&nbsp;<\/p>\n<p><span style=\"font-weight: 400\">B\u00e5de mor og foster opplever stress og samler press til punktet der de ikke kan b\u00e6re hverandre mer, og fosteret kommer ut. Oversatt til v\u00e5re f\u00f8lelser, det er som om fosteret hater \u00e5 v\u00e6re i sin mor, mens hun ser ut til \u00e5 ikke \u00f8nske, og heller ikke v\u00e6re i stand til \u00e5 holde det inne lenger. <\/span><\/p>\n<p>&nbsp;<\/p>\n<p><span style=\"font-weight: 400\">S\u00e5 ved gjensidig avvisning forekommer f\u00f8dsel, og et barn blir f\u00f8dt inn i en lys og vakker verden. Barnet blir m\u00f8tt som om han har blitt bel\u00f8nnet med et nytt liv, p\u00e5 et nytt niv\u00e5. Der det en gang var noen gram kj\u00f8tt, groende i en annen organisme, har et menneske n\u00e5 dukket opp. Den er fortsatt liten og ute av stand til \u00e5 oppfatte sine omgivelser, men det er begynnelsen p\u00e5 et nytt liv. <\/span><\/p>\n<p>&nbsp;<\/p>\n<p><span style=\"font-weight: 400\">Dette er veldig lik den prosessen vi, som et samfunn, g\u00e5r gjennom. Det er derfor v\u00e5r situasjon f\u00f8les som f\u00f8dsels-veer f\u00f8r vi kommer inn i en helt ny verden. <\/span><\/p>\n<h2><b>Se hvor enkelt du kan forst\u00e5 dagens st\u00f8rste krise p\u00e5 minutter \u00a0\u00a0\u00a0\u00a0\u00a0\u00a0\u00a0\u00a0\u00a0\u00a0\u00a0\u00a0\u00a0\u00a0\u00a0\u00a0\u00a0\u00a0\u00a0\u00a0\u00a0\u00a0<\/b><\/h2>\n<p>&nbsp;<\/p>\n<p><span style=\"font-weight: 400\">Tidligere var ikke kriser s\u00e5 radikale at de ble definert som \u201cf\u00f8dsel.\u201d Vi definerte dem som \u201csteg i v\u00e5r utvikling.\u201d Det har v\u00e6rt mange slike steg i menneskehetens historie, men den n\u00e5v\u00e6rende krisen er fundamentalt forskjellig fra tidligere.<\/span><\/p>\n<p>&nbsp;<\/p>\n<p><span style=\"font-weight: 400\">Vi har alltid \u00f8nsket \u00e5 oppdage den kommende tilstand (da vi inns\u00e5 at noen form for revolusjon i v\u00e5re liv var obligatorisk).<\/span><\/p>\n<p>&nbsp;<\/p>\n<p><span style=\"font-weight: 400\">Frem til i dag har det aldri v\u00e6rt en revolusjon som s\u00e5 radikalt har endret alle aspekter av v\u00e5re liv, og hele menneskeheten, som p\u00e5virker alle kontinenter, land, familier og personer.<\/span><\/p>\n<p>&nbsp;<\/p>\n<p><span style=\"font-weight: 400\">Mens vi fortsatt befinner oss p\u00e5 det \u201cprenatale\u201d trinn i prosessen, kan vi ikke med h\u00e5nden p\u00e5 hjertet si at dette er hva som skjer. Men vi kan allerede se at vi er p\u00e5 vei mot f\u00f8dselen. Situasjonen vi definerer som v\u00e5r \u201cprenatale krise\u201d presser oss stadig, b\u00e5de kollektivt og individuelt. Dette er grunnen til at vi i \u00f8kende grad er ute av stand til \u00e5 opprettholde familieb\u00e5nd, og er motvillige til \u00e5 gifte oss og stifte familie. Skulle vi likevel gj\u00f8re det, er vi meget raske til \u00e5 skille oss. Vi vet ikke hvordan vi skal oppdra v\u00e5re barn, h\u00e5ndtere v\u00e5re jobber og sosiale b\u00e5nd, og blir generelt dratt inn i forvirring og uorden. <\/span><\/p>\n<p>&nbsp;<\/p>\n<p><span style=\"font-weight: 400\">Grunnen til at vi definerer den nye tilstanden som en \u201cfullverdig revolusjon\u201d eller en \u201cf\u00f8dsel\u201d av hele menneskeheten &#8211; og ikke f\u00f8dsel av et spesielt land eller samfunn &#8211; er at denne tilstanden manifesterer seg over hele verden. Den viser oss hvor mye vi alle er forbundet og p\u00e5virker hverandre. Dette er en global tilstand som forekommer samtidig i alle land, og i hver person. Faktisk er dette en enest\u00e5ende situasjon. <\/span><\/p>\n<p>&nbsp;<\/p>\n<p><span style=\"font-weight: 400\">Men viktigst er det at vi ikke kan se hvor denne situasjonen f\u00f8rer oss. <\/span><\/p>\n<p>&nbsp;<\/p>\n<h2><b>Her ser du hvorfor dagens st\u00f8rste krise er misforst\u00e5tt<\/b><\/h2>\n<p>&nbsp;<\/p>\n<p><span style=\"font-weight: 400\">Gjennom historien har vi alltid avansert mot mer utviklede samfunn, erstatter det ene med det andre. Faktisk skjedde disse endringene gjennom revolusjoner og krig over regioner, ressurser og territorier. Selv da har vi alltid f\u00f8lt vi var p\u00e5 vei mot en ny og bedre tilstand. <\/span><\/p>\n<p>&nbsp;<\/p>\n<p><span style=\"font-weight: 400\">Mens en del av samfunnet tidligere sa seg enige og \u00f8nsket den nye situasjonen velkommen, og en annen del ikke. Eller, ett land f\u00f8lte endringer, og et annet ikke. Har ingen i dag noen som helst anelse om innholdet i den tilstanden som formes. Dette har aldri skjedd med menneskeheten, f\u00f8r n\u00e5. \u00a0<\/span><\/p>\n<p>&nbsp;<\/p>\n<p><span style=\"font-weight: 400\">Over hele verden tar et globalt \u00f8ko- skifte form. Tidligere klimaendringer for\u00e5rsaket store endringer i menneskeheten, endringer som startet revolusjoner. <\/span><\/p>\n<p>&nbsp;<\/p>\n<p><span style=\"font-weight: 400\">Andre endringer skyldes teknologiske fremskritt eller fra motstand til en viss regjering. Men n\u00e5 skjer alle endringene p\u00e5 <\/span><i><span style=\"font-weight: 400\">samme tid<\/span><\/i><span style=\"font-weight: 400\">, gjennom \u00f8kologi og gjennom menneskets natur. Vi kan ikke lenger h\u00e5ndtere n\u00f8dvendigheter som videref\u00f8ring av den neste generasjon, eller n\u00f8dvendige systemer som mat levering, varme, familie, og utdanning. Vi har blitt dysfunksjonelle og ser ikke den fremtiden vi er p\u00e5 vei mot. <\/span><\/p>\n<p>&nbsp;<\/p>\n<h2><b>\u00d8nsker du verkt\u00f8y for \u00e5 navigere dagens st\u00f8rste krise?<\/b><\/h2>\n<p>&nbsp;<\/p>\n<p><span style=\"font-weight: 400\">Kan vi se inn i fremtiden? Er det mulig \u00e5 n\u00e6rme seg den med fornuft og forst\u00e5else, som mennesker? En klok person ser fremover, unders\u00f8ker og fors\u00f8ker \u00e5 beregne. Ved \u00e5 gj\u00f8re dette, gj\u00f8r man sin vei enklere og raskere, i stedet for \u00e5 famle blindt i m\u00f8rket. Spesielt n\u00e5 som proporsjoner er globale, er tanken p\u00e5 \u00e5 feile alarmerende. Informasjon om den nye sammenkoblede verden, vil \u00e5pne v\u00e5re \u00f8yne for \u00e5 se virkeligheten fra et nytt perspektiv. Prim\u00e6rt vil det representere for oss menneskehetens framtidige tilstand, og avsl\u00f8re hvordan best komme dit.<\/span><\/p>\n<p>&nbsp;<\/p>\n<p><span style=\"font-weight: 400\">For \u00e5 gj\u00f8re overgangen behagelig og jevn m\u00e5 vi v\u00e6re klar over naturen til de endringene vi m\u00e5 gjennomg\u00e5, hvorfor spesielt disse endringene m\u00e5 skje, \u00e5rsaken til v\u00e5r n\u00e5-v\u00e6rende svikt i v\u00e5r h\u00e5ndtering av virkeligheten, og de midler vi har til \u00e5 flytte oss inn i en ny tilstand. <\/span><\/p>\n<p>&nbsp;<\/p>\n<p><span style=\"font-weight: 400\">Kan vi virkelig forholde oss til v\u00e5r n\u00e5 v\u00e6rende tilstand som en prenatal krise, med naturen som v\u00e5r jordmor\u201d, med press fra b\u00e5de v\u00e5r menneskelige natur, og fra naturen selv som presser og tvinger oss til endring, og komme frem til den nye tilstanden? Er denne prosessen naturlig for menneskelig utvikling? Hvis vi vet svarene p\u00e5 disse sp\u00f8rsm\u00e5lene, kan vi da forutsi tilstanden som utvikler seg p\u00e5 forh\u00e5nd?<\/span><\/p>\n<p>&nbsp;<\/p>\n<p><span style=\"font-weight: 400\">Derfor trenger menneskeheten \u00f8yeblikkelig en integral utdanningsprogram som vi gi mennesker over hele verden grunnlag og verkt\u00f8y for \u00e5 svare p\u00e5 disse sp\u00f8rsm\u00e5lene, og bygge den fremtidige tilstanden p\u00e5 en bevisst og pro- aktiv m\u00e5te. <\/span><\/p>\n<p><b>Skrevet av Michael Laitman<\/b><\/p>\n<p><span style=\"font-weight: 400\">Michael Laitman er en global tenker dedikert til \u00e5 generere en transformativ endring i samfunnet gjennom en ny global utdanning, som han ser p\u00e5 som n\u00f8kkelen til \u00e5 l\u00f8se de mest presserende sp\u00f8rsm\u00e5lene i v\u00e5r tid. Han er grunnlegger av ARI Institute, professor i ontologi &amp; Theory of Knowledge, PhD i filosofi, MS i medisinsk kybernetikk. Du finner han p\u00e5 <\/span><a href=\"https:\/\/plus.google.com\/u\/0\/100757561491540154880\/posts?rel=author\"><span style=\"font-weight: 400\">Google+<\/span><\/a><span style=\"font-weight: 400\">, <\/span><a href=\"http:\/\/www.youtube.com\/user\/MichaelLaitman\"><span style=\"font-weight: 400\">YouTube<\/span><\/a><span style=\"font-weight: 400\"> og <\/span><a href=\"https:\/\/twitter.com\/laitman\"><span style=\"font-weight: 400\">Twitter<\/span><\/a><\/p>\n","protected":false},"excerpt":{"rendered":"<p>Lever vi resultatene av v\u00e5re tidligere feil, eller f\u00f8lger livet en omfattende lov, en generell tendens? Eller er det en uung\u00e5elig prosess vi m\u00e5 oppleve, for senere \u00e5 kunne oppn\u00e5 fordelene? Forvirret av dagens st\u00f8rste krise? Les dette! &nbsp; Faktisk<span class=\"ellipsis\">&hellip;<\/span><\/p>\n<div class=\"read-more\"><a href=\"https:\/\/www.michaellaitman.com\/no\/artikler\/todays-biggest-crisis-really-opportunity\/\">Read more &#8250;<\/a><\/div>\n<p><!-- end of .read-more --><\/p>\n","protected":false},"author":4,"featured_media":0,"comment_status":"open","ping_status":"open","sticky":false,"template":"","format":"standard","meta":{"ngg_post_thumbnail":0,"footnotes":""},"categories":[19],"tags":[21,25,27,288,20,23,22,26],"class_list":["post-393","post","type-post","status-publish","format-standard","hentry","category-artikler","tag-gjensidig-avhengighet","tag-global-krise","tag-integrert-utdannelse-2","tag-krise","tag-michael-laitman","tag-naturens-lover","tag-sammenbundethet","tag-verdens-krise"],"_links":{"self":[{"href":"https:\/\/www.michaellaitman.com\/no\/wp-json\/wp\/v2\/posts\/393","targetHints":{"allow":["GET"]}}],"collection":[{"href":"https:\/\/www.michaellaitman.com\/no\/wp-json\/wp\/v2\/posts"}],"about":[{"href":"https:\/\/www.michaellaitman.com\/no\/wp-json\/wp\/v2\/types\/post"}],"author":[{"embeddable":true,"href":"https:\/\/www.michaellaitman.com\/no\/wp-json\/wp\/v2\/users\/4"}],"replies":[{"embeddable":true,"href":"https:\/\/www.michaellaitman.com\/no\/wp-json\/wp\/v2\/comments?post=393"}],"version-history":[{"count":3,"href":"https:\/\/www.michaellaitman.com\/no\/wp-json\/wp\/v2\/posts\/393\/revisions"}],"predecessor-version":[{"id":901,"href":"https:\/\/www.michaellaitman.com\/no\/wp-json\/wp\/v2\/posts\/393\/revisions\/901"}],"wp:attachment":[{"href":"https:\/\/www.michaellaitman.com\/no\/wp-json\/wp\/v2\/media?parent=393"}],"wp:term":[{"taxonomy":"category","embeddable":true,"href":"https:\/\/www.michaellaitman.com\/no\/wp-json\/wp\/v2\/categories?post=393"},{"taxonomy":"post_tag","embeddable":true,"href":"https:\/\/www.michaellaitman.com\/no\/wp-json\/wp\/v2\/tags?post=393"}],"curies":[{"name":"wp","href":"https:\/\/api.w.org\/{rel}","templated":true}]}}