{"id":261,"date":"2015-05-05T22:17:46","date_gmt":"2015-05-05T22:17:46","guid":{"rendered":"http:\/\/www.michaellaitman.com\/it\/?p=261"},"modified":"2015-05-05T22:17:46","modified_gmt":"2015-05-05T22:17:46","slug":"la-differenza-tra-sarah-silverman-nel-2011-e-michael-douglas-nel-2015","status":"publish","type":"post","link":"https:\/\/www.michaellaitman.com\/it\/2015\/05\/05\/la-differenza-tra-sarah-silverman-nel-2011-e-michael-douglas-nel-2015\/","title":{"rendered":"La differenza tra Sarah Silverman nel 2011, e Michael Douglas nel 2015"},"content":{"rendered":"<p>Guardando il titolo probabilmente vi chiedete \u201c che differenza\u201d? Intendete forse\u201d Che connessione c\u2019\u00e8 tra Sarah Silverman nel 2011 e Michael Douglas nel 2015!\u201d Ebbene io non sto parlando di una loro connessione personale ma della differenza della reazione del pubblico a due simili affermazioni che entrambi hanno fatto a quattro anni di distanza. Nel 2011 l\u2019attrice comica Sarah Silverman rispose a Piers Morgan in una intervista della\u00a0<a href=\"https:\/\/www.youtube.com\/watch?v=JvxOUvMn9QM\" target=\"_blank\">CNN interview<\/a>, \u201cSe c\u2019\u00e8 una cosa che dovremmo capire \u00e8 che in generale il mondo odia gli ebrei, lo sapete? Ma \u00e8 bello essere un perdente\u201d non successe quasi nulla dopo che lei disse ci\u00f2. Il video su YouTube ha ancora poco meno di 13.000 visitatori. Quattro anni dopo l\u2019attore Michael Douglas\u00a0<a title=\"rifer\u00ec di un fatto anti-Semitico (incident)\" href=\"http:\/\/www.latimes.com\/opinion\/op-ed\/la-oe-0315-douglas-anti-semitism-20150315-story.html\" target=\"_blank\">reported an anti-Semitic incident<\/a>\u00a0accaduto a suo figlio in Europa e la storia \u00a0circol\u00f2 rapidamente.<\/p>\n<p>Non \u00e8 solo il fatto che nel 2011 Sarah Silverman non era famosa come lo \u00e8 oggi. Morgan chiese pure della sua popolarit\u00e0 in quell\u2019intervista. La differenza nella risposta del mezzo di comunicazione , a mio parere, ha pi\u00f9 a che fare con la crescita esponenziale in tutto il mondo dell\u2019antisemitismo durante quei quattro anni che con il livello di popolarit\u00e0 delle due celebrit\u00e0.<\/p>\n<p>In generale, sono d\u2019accordo con la Sig.ra Silverman. Simpatizzo anche con il Sig,re Douglas, che ha sperimentato l\u2019antisemitismo nella sua giovinezza . E pu\u00f2 essere bello essere il perdente come ha detto la Sig.ra Silverman ma non penso che il mondo veda gli ebrei come dei perdenti. Le persone non odiano i perdenti;esse odiano i ragazzacci ed \u00e8 come noi siamo considerati dalla maggior del mondo.<\/p>\n<p>Se gli Stati Uniti non avessero difeso Israele alle Nazioni Unite varie volte negli anni, la verit\u00e0 su come il mondo vede Israele in particolare e gli ebrei in generale sarebbe stata rivelata anni fa. Solo ora con il debole sostegno dell\u2019America , stiamo cominciando a sentire la pressione,con tali assurdit\u00e0 tipo quella della risoluzione della Commissione sullo Stato delle Donne delle Nazioni Unite che afferma che Israele \u00e8 il peggiore violatore dei diritti delle donne al mondo!\u00a0<a href=\"http:\/\/www.timesofisrael.com\/israel-singled-out-at-un-for-womens-right-violations\/#ixzz3V7lnn29U\" target=\"_blank\">worst violator of women\u2019s rights in the world<\/a>!<\/p>\n<p>E\u2019 comprensibile ma allo stesso tempo spiacevole che alcuni ebrei e certa stampa ebrea stanno ancora negando la crescita dell\u2019antisemitismo in America. Editoriali tipo \u00a0\u201c<a href=\"http:\/\/forward.com\/articles\/217167\/the-anti-semitism-surge-that-isnt\/\" target=\"_blank\">The Anti-Semitism Surge That Isn\u2019t<\/a>\u201d (L\u2019onda antisemitica che non lo \u00e8 ) non ci aiutano a fare fronte agli avvenimenti e a cominciare a pensare su come agire con l\u2019antisemitismo invece di nascondere le nostre teste nella sabbia facendo finta che non esiste.<\/p>\n<p>Se aspettiamo che i governi agiscano contro l\u2019antisemitismo( waiting for governments to act (<a href=\"http:\/\/www.worldjewishcongress.org\/en\/news\/jewish-leaders-testify-to-us-congress-on-rising-anti-semitism\" target=\"_blank\">\u00a0waiting for governments to act against anti-Semitism<\/a>), sia in Europa che negli Stati Uniti siamo destinati ad essere molto delusi. E non solo questo ma pagheremo un caro prezzo.<\/p>\n<p>Se c\u2019\u00e8 una cosa buona sull\u2019antisemitismo \u00e8 che unisce le nostre teste e le fa pensare. Perch\u00e9 quando noi mettiamo assieme le nostre teste( enfasi sulla parola \u201cassieme\u201d) succedono cose positive. Nel corso degli anni molti non ebrei sono stai affascinati dalla fratellanza ebrea, dalla solidariet\u00e0 tra i membri della nostra nazione. Il mondo giustamente percepisce che c\u2019\u00e8 qualcosa di speciale su questo ma che noi non lo stiamo condividendo ed il fatto che noi siamo ignari della sua unicit\u00e0 non fa differenza perch\u00e9 poich\u00e9 la loro sensazione \u00e8 irrazionale, cos\u00ec \u00e8 il loro odio. Ma quando noi non siamo coscienti della nostra forza non la possiamo utilizzare. Se noi lo facessimo la potremo usare per il nostro beneficio ed a beneficio del mondo e non c\u2019\u00e8 dubbio che lo faremmo.<\/p>\n<p>La fonte della nostra forza non sono i nostri cervelli. Ci sono grandi menti ebree ma il nostro genio ed i numerosi successi nella scienza, la tecnologia, la medicina, la cultura e l\u2019economia non hanno domato la rabbia del modo. L\u2019umanit\u00e0 non ha fretta di ringraziarci.<\/p>\n<p>C\u2019\u00e8 solo una cosa che dobbiamo dare al mondo ma non lo stiamo facendo e questa \u00e8 la ragione per cui c\u2019\u00e8 l\u2019antisemitismo. La nazione ebrea fu stabilita veri secoli fa sulla base di un unico patto: \u201dEssere come un solo uomo con un solo cuore\u201d, uniti sotto il motto \u201c ama il tuo prossimo come te stesso\u201d.E\u2019 un tipo speciale di unit\u00e0, che include ogni persona cos\u00ec come \u00e8, senza cercare di cambiare o opprimere nessuno ma piuttosto incoraggiare ogni membro della societ\u00e0 a contribuire al bene comune con le sue uniche abilit\u00e0. Facendo cos\u00ec la societ\u00e0 crea una rete di legami che trascendono il nostro innato auto interesse e ci permettono di costruire una societ\u00e0 sostenibile dove prosperiamo individualmente e cos\u00ec facendo contribuiamo alla forza della societ\u00e0.<\/p>\n<p>Oggi una tale societ\u00e0 sembra quasi non realistica. Ma una volta usciti dall\u2019Egitto e riunitici intorno al Monte Sinai successe una cosa meravigliosa. Noi stavamo in piedi attorno alla montagna di odio (sin aah) da cui il nome Sinai e ci unimmo al di sopra di esso. In questo modo abbiamo conquistato il nostro odio non sopprimendolo ma trovando un punto di unit\u00e0 al di sopra di esso!<\/p>\n<p>E quando raggiungemmo questa unit\u00e0 ci fu dato un compito, essere una luce per le nazioni. Noi spesso ci chiediamo che cosa significhi tale compito e se questo ha qualche importanza oggi. Ma se pensiamo a quell\u2019 unit\u00e0 e osserviamo il tessuto rovinato della societ\u00e0 umana capiremo che il mondo ha bisogno precisamente di questo tipo di unit\u00e0.<\/p>\n<p>Approssimativamente due millenni fa, Rabbi Akiva cerco di insegnarci di amare gli altri come noi stessi. E poich\u00e9 fallimmo abbiamo perso la terra e fummo esiliati. Quando noi mettiamo l\u2019odio infondato nei nostri cuori invece dell\u2019amore fraterno che avevamo avuto prima siamo accusati di essere guerrafondai, di diffondere le contese e la cattiva volont\u00e0.<\/p>\n<p>Gli ebrei e i non ebrei sanno che ci \u00e8 stato dato il compito di essere una luce per le nazioni. Ma quando non siamo uniti diamo l\u2019esempio opposto e ci viene data la colpa di tutti i problemi. Il mondo sta guardando da vicino ogni nostra mossa. Quasi ogni risoluzione delle Nazioni Unite sui diritti umani riguarda la violazione di essi da parte di Israele. Ci siamo mai chiesti perch\u00e9? Le accuse potrebbero essere in realt\u00e0 non vere ma questo non ha mai fermato il mondo dall\u2019accusarci.<\/p>\n<p>Invece di sentirci vittime penso che ci debba fare pensare che cosa essi vogliono da noi. E da tutti i miei studi ho imparato che ci\u00f2 che essi vogliono \u00e8 che noi ristabiliamo quell\u2019unica unit\u00e0 che avevamo allora, e condividerla con loro. Come ho scritto (I have written) nel The New York Times, lo dobbiamo al mondo.<\/p>\n<p>L\u2019attuale incrinatura tra Israele e gli ebrei americani d\u00e0 un terribile esempio al mondo. Molte persone non distinguono tra Israele e la diaspora degli ebrei e per i governi \u00e8 solo un pretesto diplomatico per sventolare lo stesso vecchio antisemitismo.<\/p>\n<p>Non possiamo permetterci di perdere tempo. La crisi globale sta diventando pi\u00f9 grave e peggio diventa ,pi\u00f9 violento e virulento diventer\u00e0 l\u2019antisemitismo. Dobbiamo iniziare a lavorare sulla nostra unit\u00e0 con lo scopo di essere alla fine\u201d come un uomo con un solo cuore\u201d.Questo ci far\u00e0 diventare l\u2019esempio che il mondo aspetta da noi. E\u2019 l\u2019unica cosa che possiamo dare al mondo e di cui il mondo ha bisogno e gradisce.<\/p>\n<p><em>Originalmente pubblicato nel\u00a0<strong><a href=\"http:\/\/www.jewishjournal.com\/thejewishtribe\/item\/the_difference_between_sarah_silverman_in_2011_and_michael_douglas_in_2015\" target=\"_blank\">The Jewish Journal<\/a><\/strong><\/em><\/p>\n<p><a href=\"http:\/\/www.michaellaitman.com\/news\/difference-sarah-silverman-2011-michael-douglas-2015\/\" target=\"_blank\">http:\/\/www.michaellaitman.com\/news\/difference-sarah-silverman-2011-michael-douglas-2015\/<\/a><\/p>\n","protected":false},"excerpt":{"rendered":"<p>Guardando il titolo probabilmente vi chiedete \u201c che differenza\u201d? Intendete forse\u201d Che connessione c\u2019\u00e8 tra Sarah Silverman nel 2011 e Michael Douglas nel 2015!\u201d Ebbene io non sto parlando di una loro connessione personale ma della differenza della reazione del<span class=\"ellipsis\">&hellip;<\/span><\/p>\n<div class=\"read-more\"><a href=\"https:\/\/www.michaellaitman.com\/it\/2015\/05\/05\/la-differenza-tra-sarah-silverman-nel-2011-e-michael-douglas-nel-2015\/\">Leggi altro &#8250;<\/a><\/div>\n<p><!-- end of .read-more --><\/p>\n","protected":false},"author":39,"featured_media":0,"comment_status":"open","ping_status":"open","sticky":false,"template":"","format":"standard","meta":{"ngg_post_thumbnail":0,"footnotes":""},"categories":[3],"tags":[],"class_list":["post-261","post","type-post","status-publish","format-standard","hentry","category-news"],"_links":{"self":[{"href":"https:\/\/www.michaellaitman.com\/it\/wp-json\/wp\/v2\/posts\/261","targetHints":{"allow":["GET"]}}],"collection":[{"href":"https:\/\/www.michaellaitman.com\/it\/wp-json\/wp\/v2\/posts"}],"about":[{"href":"https:\/\/www.michaellaitman.com\/it\/wp-json\/wp\/v2\/types\/post"}],"author":[{"embeddable":true,"href":"https:\/\/www.michaellaitman.com\/it\/wp-json\/wp\/v2\/users\/39"}],"replies":[{"embeddable":true,"href":"https:\/\/www.michaellaitman.com\/it\/wp-json\/wp\/v2\/comments?post=261"}],"version-history":[{"count":0,"href":"https:\/\/www.michaellaitman.com\/it\/wp-json\/wp\/v2\/posts\/261\/revisions"}],"wp:attachment":[{"href":"https:\/\/www.michaellaitman.com\/it\/wp-json\/wp\/v2\/media?parent=261"}],"wp:term":[{"taxonomy":"category","embeddable":true,"href":"https:\/\/www.michaellaitman.com\/it\/wp-json\/wp\/v2\/categories?post=261"},{"taxonomy":"post_tag","embeddable":true,"href":"https:\/\/www.michaellaitman.com\/it\/wp-json\/wp\/v2\/tags?post=261"}],"curies":[{"name":"wp","href":"https:\/\/api.w.org\/{rel}","templated":true}]}}