{"id":748,"date":"2020-01-27T09:20:07","date_gmt":"2020-01-27T08:20:07","guid":{"rendered":"https:\/\/www.michaellaitman.com\/fr\/?p=748"},"modified":"2026-01-14T21:43:19","modified_gmt":"2026-01-14T20:43:19","slug":"75-ans-de-la-liberation-dauschwitz","status":"publish","type":"post","link":"https:\/\/www.michaellaitman.com\/fr\/news\/75-ans-de-la-liberation-dauschwitz\/","title":{"rendered":"75 ans de la lib\u00e9ration d\u2019Auschwitz"},"content":{"rendered":"\n<p>Mon nouvel article publi\u00e9 dans le<a href=\"https:\/\/frblogs.timesofisrael.com\/75-ans-de-la-liberation-dauschwitz\/?fbclid=IwAR2cPjOnrE3Cds0ospdTu-LXNsxSGDmw5qO5CK0O5F-ZOuG5qO9-_6Nxg1o\"> Times of Isra\u00ebl \u00e9dition fran\u00e7aise<\/a><\/p>\n\n\n\n<p>Janvier 1945, l\u2019Arm\u00e9e Rouge arrive en Pologne et p\u00e9n\u00e8tre dans le camp d\u2019Auschwitz. En plein hiver, les soldats d\u00e9couvrent avec horreur et consternation les chambres \u00e0 gaz, les fours cr\u00e9matoires, les charniers o\u00f9 des corps sont entass\u00e9s et des survivants squelettiques abasourdis, parfois heureux mais qui tout de m\u00eame, ont du mal \u00e0 croire que leur enfer est termin\u00e9.<\/p>\n\n\n\n<p>La lib\u00e9ration du camp r\u00e9v\u00e8le les atrocit\u00e9s commises au nom de la \u201cSolution finale\u201d. Des sentiments de d\u00e9go\u00fbt, de honte, d\u2019indignation, de culpabilit\u00e9 et de vengeance s\u2019emparent du monde qui d\u00e9couvre enfin en images, l\u2019inimaginable.<\/p>\n\n\n\n<p>Cette semaine, en Isra\u00ebl et en Pologne, le monde comm\u00e9more et se souvient de la Shoah perp\u00e9tr\u00e9e en Europe.<\/p>\n\n\n\n\n\n<p><strong>Que voulons-nous comm\u00e9morer?&nbsp;<\/strong><\/p>\n\n\n\n<p>6 millions de victimes ont p\u00e9ri et 80 ans apr\u00e8s, l\u2019antis\u00e9mitisme existe toujours, et ce malgr\u00e9 des documentaires, films, t\u00e9moignages, recherches, livres, voyages en Pologne, cr\u00e9ation du M\u00e9morial de la Shoah et bien d\u2019autres initiatives. Il semblerait que toutes les d\u00e9marches entreprises n\u2019aient pas abouti aux r\u00e9sultats esp\u00e9r\u00e9s: La fin de la haine du juif.<\/p>\n\n\n\n<p>N\u2019avons-nous pas trahi les victimes de la Shoah en n\u2019ayant pas trouv\u00e9 la cause du probl\u00e8me afin de le r\u00e9soudre?<\/p>\n\n\n\n<p><strong>Rien n\u2019y fait<\/strong><\/p>\n\n\n\n<p>En effet, la r\u00e9alit\u00e9 est toute autre pour beaucoup de gens, ces derniers ne veulent plus que l\u2019on leur rappelle la Shoah, non pas par honte mais plut\u00f4t par indiff\u00e9rence, ou exasp\u00e9ration. Face aux probl\u00e8mes quotidiens (gr\u00e8ves, s\u00e9curit\u00e9, salaires, pouvoir d\u2019achat, conditions de travail etc) d\u2019un monde qui devient de plus en plus dur, le sentiment exprim\u00e9 par un nombre grandissant est que le juifs ne sont pas les seuls \u00e0 avoir souffert ni \u00e0 souffrir et que les comm\u00e9morations n\u2019y changeront rien.<\/p>\n\n\n\n<p>A quoi voulons-nous que demain ressemble?<\/p>\n\n\n\n<p>Les faits sont l\u00e0: La France conna\u00eet depuis plus de 15 ans une recrudescence d\u2019actes antis\u00e9mites et plus ils sont d\u00e9nonc\u00e9s, plus la violence augmente. Les USA quant \u00e0 eux se sont r\u00e9veill\u00e9s brutalement fin d\u00e9cembre, avec une flamb\u00e9e sans pr\u00e9c\u00e9dent et jusque-l\u00e0 impensable d\u2019actes antis\u00e9mites.<\/p>\n\n\n\n<p>La communaut\u00e9 juive fran\u00e7aise vit dans la peur, l\u2019anxi\u00e9t\u00e9 et si par le pass\u00e9 une partie envisageait de quitter la France pour les Etats-Unis ou le Canada, d\u00e9sormais pour beaucoup il semblerait que partir en Isra\u00ebl r\u00e9soudrait la question de l\u2019antis\u00e9mitisme.<\/p>\n\n\n\n<p><strong>Pourtant fuir ne r\u00e9soudra pas la haine<\/strong><\/p>\n\n\n\n<p>L\u2019antis\u00e9mitisme est semblable \u00e0 une maladie chronique dont souffre toute l\u2019humanit\u00e9. Pour la soigner, il convient d\u2019en conna\u00eetre la v\u00e9ritable raison ainsi nous pourrons trouver son antidote.<\/p>\n\n\n\n<p>Lorsque nous observons la nature, nous voyons qu\u2019il existe deux forces, une positive et une n\u00e9gative. L\u2019une ne peut pas exister sans l\u2019autre, elles sont ins\u00e9parables, ce qu\u2019il convient de faire est de trouver un \u00e9quilibre entre elles (c\u2019est le principe de l\u2019hom\u00e9ostasie) sinon, ces forces explosent.<\/p>\n\n\n\n<p>Nous pouvons appliquer ce principe \u00e0 toute chose de la vie; l\u2019amour\/la haine, les juifs\/ les nations du monde. N\u00e9anmoins notre premi\u00e8re r\u00e9action quand nous voyons deux oppos\u00e9s est que l\u2019un disparaisse car nous ne savons pas g\u00e9rer les deux ensembles.<\/p>\n\n\n\n<p>Comment pouvons-nous cr\u00e9er une passerelle entre deux oppos\u00e9s afin que tous les deux coexistent avec leurs diff\u00e9rences et diff\u00e9rends? Ils ne peuvent plus s\u2019ignorer car nous vivons \u00e0 l\u2019\u00e8re de la mondialisation o\u00f9 nous sommes tous connect\u00e9s. il semblerait donc que nous devons apprendre \u00e0 vivre ensemble comme un seul homme dans un seul coeur.<\/p>\n\n\n\n<p>La solution \u00e0 l\u2019antis\u00e9mitisme doit se trouver \u00e0 une \u00e9chelle mondiale, par une concertation g\u00e9n\u00e9rale. Elle doit d\u2019abord commencer par la communaut\u00e9 juive elle-m\u00eame afin qu\u2019elle recherche et examine attentivement quelles sont ses racines, son identit\u00e9. Par cela, elle pourra comprendre les v\u00e9ritables raisons de l\u2019antis\u00e9mitisme qui ont pris diff\u00e9rentes formes au cours de l\u2019histoire et ainsi y apporter une v\u00e9ritable solution qui permettra \u00e0 tous de vivre en paix et nous pourrons enfin dire avec certitude \u201cplus jamais\u201d.<\/p>\n","protected":false},"excerpt":{"rendered":"<p>Mon nouvel article publi\u00e9 dans le Times of Isra\u00ebl \u00e9dition fran\u00e7aise Janvier 1945, l\u2019Arm\u00e9e Rouge arrive en Pologne et p\u00e9n\u00e8tre dans le camp d\u2019Auschwitz. En plein hiver, les soldats d\u00e9couvrent avec horreur et consternation les chambres \u00e0 gaz, les fours<span class=\"ellipsis\">&hellip;<\/span><\/p>\n<div class=\"read-more\"><a href=\"https:\/\/www.michaellaitman.com\/fr\/news\/75-ans-de-la-liberation-dauschwitz\/\">Lire la suite &#8250;<\/a><\/div>\n<p><!-- end of .read-more --><\/p>\n","protected":false},"author":1,"featured_media":0,"comment_status":"open","ping_status":"open","sticky":false,"template":"","format":"standard","meta":{"ngg_post_thumbnail":0,"footnotes":""},"categories":[19,5],"tags":[328,330,245,327,243,248,320,331,329,242],"class_list":["post-748","post","type-post","status-publish","format-standard","hentry","category-articles","category-news","tag-2eme-guerre-mondiale","tag-allemagne","tag-antisemitisme","tag-auschwitz","tag-holocauste","tag-israel","tag-juifs","tag-nazisme","tag-pologne","tag-shoah"],"_links":{"self":[{"href":"https:\/\/www.michaellaitman.com\/fr\/wp-json\/wp\/v2\/posts\/748","targetHints":{"allow":["GET"]}}],"collection":[{"href":"https:\/\/www.michaellaitman.com\/fr\/wp-json\/wp\/v2\/posts"}],"about":[{"href":"https:\/\/www.michaellaitman.com\/fr\/wp-json\/wp\/v2\/types\/post"}],"author":[{"embeddable":true,"href":"https:\/\/www.michaellaitman.com\/fr\/wp-json\/wp\/v2\/users\/1"}],"replies":[{"embeddable":true,"href":"https:\/\/www.michaellaitman.com\/fr\/wp-json\/wp\/v2\/comments?post=748"}],"version-history":[{"count":1,"href":"https:\/\/www.michaellaitman.com\/fr\/wp-json\/wp\/v2\/posts\/748\/revisions"}],"predecessor-version":[{"id":790,"href":"https:\/\/www.michaellaitman.com\/fr\/wp-json\/wp\/v2\/posts\/748\/revisions\/790"}],"wp:attachment":[{"href":"https:\/\/www.michaellaitman.com\/fr\/wp-json\/wp\/v2\/media?parent=748"}],"wp:term":[{"taxonomy":"category","embeddable":true,"href":"https:\/\/www.michaellaitman.com\/fr\/wp-json\/wp\/v2\/categories?post=748"},{"taxonomy":"post_tag","embeddable":true,"href":"https:\/\/www.michaellaitman.com\/fr\/wp-json\/wp\/v2\/tags?post=748"}],"curies":[{"name":"wp","href":"https:\/\/api.w.org\/{rel}","templated":true}]}}