{"id":740,"date":"2020-01-03T14:32:07","date_gmt":"2020-01-03T13:32:07","guid":{"rendered":"https:\/\/www.michaellaitman.com\/fr\/?p=740"},"modified":"2020-01-03T14:39:15","modified_gmt":"2020-01-03T13:39:15","slug":"le-juif-est-le-meilleur-ennemi-du-juif","status":"publish","type":"post","link":"https:\/\/www.michaellaitman.com\/fr\/uncategorized\/le-juif-est-le-meilleur-ennemi-du-juif\/","title":{"rendered":"Le juif est le meilleur ennemi du juif"},"content":{"rendered":"\n<p>Mon article publi\u00e9 dans le <a href=\"https:\/\/frblogs.timesofisrael.com\/le-juif-est-le-meilleur-ennemi-du-juif\/?fbclid=IwAR0jnFDo44cpntX_GmfSpdsyDvRmC5LiguvIDhg07UOJmflZe6AXZwIvHLE\">Times of Israel en fran\u00e7ais: <\/a><\/p>\n\n\n\n<p>1945, le jeune Elie Wiesel est comme\nbeaucoup d\u2019autres r\u00e9fugi\u00e9s d\u2019alors, dans un camp de transit, sa maison en\nRoumanie est habit\u00e9e par des \u00e9trangers, il se retrouve apatride en France,\npuisque l\u2019Etat d\u2019Isra\u00ebl n\u2019existe pas encore et que s\u2019y rendre est risqu\u00e9, les\nautorit\u00e9s britanniques y imposent des quotas.&nbsp;<\/p>\n\n\n\n<p>C\u2019est dans ce contexte de recherche\nd\u2019asile qu\u2019Isra\u00ebl d\u00e9clara son Ind\u00e9pendance en 1948.<\/p>\n\n\n\n<p>Tout \u00e7a pour que 70 ans plus tard, on\nremette en question ce droit \u00e0 une nation pour le peuple d\u2019Isra\u00ebl.<\/p>\n\n\n\n<p>Parmi ces opposants, des Juifs, de France,\ndes Etats Unis et d\u2019ailleurs convaincus de leur bon droit, m\u00e8nent une lutte\nid\u00e9ologique contre leur propre peuple.<\/p>\n\n\n\n<p>Ceux sont ces m\u00eames juifs qui se sont\noffusqu\u00e9s contre la proposition de loi fran\u00e7aise visant \u00e0 assimiler\nl\u2019antisionisme \u00e0 l\u2019antis\u00e9mitisme, au nom du droit \u00e0 la critique d&rsquo;Isra\u00ebl.<\/p>\n\n\n\n<p>Lorsque ces m\u00eames juifs ont \u00e9t\u00e9\ninterview\u00e9s dans une \u00e9mission de la cha\u00eene de Tv isra\u00e9lienne Kan 11 en 2018,\nnombre d\u2019entre eux se disent pr\u00eats \u00e0 tout pour d\u00e9truire ou pour faire\ndispara\u00eetre l\u2019Etat d\u2019Isra\u00ebl.&nbsp;<\/p>\n\n\n\n<p>Ainsi, si critiquer Isra\u00ebl n\u2019est pas de\nl&rsquo;antisionisme, chercher \u00e0 remettre en cause l\u2019existence le droit du peuple\njuif \u00e0 sa terre, si!<\/p>\n\n\n\n<p>Comprendre la haine et l\u2019acharnement contre\nIsra\u00ebl de la part de nombreux peuples et nations n\u2019est d\u00e9j\u00e0 pas chose facile,\ncomprendre la haine des Juifs contre les leurs est une t\u00e2che beaucoup plus\nardue.<\/p>\n\n\n\n<p>Pourtant cela ne date\npas d\u2019hier<strong><\/strong><\/p>\n\n\n\n<p>Les Grecs ont \u00e9t\u00e9 aid\u00e9s par les Grands\npr\u00eatres Melanus et Jason qui \u00e9taient favorables \u00e0 l&rsquo;hell\u00e9nisation, ce qui a\nconduit \u00e0 la r\u00e9volte des Maccab\u00e9es. Les Romains quant \u00e0 eux ont \u00e9t\u00e9 aid\u00e9s par\nles querelles entre les Sadduc\u00e9ens, Pharisiens, Ess\u00e9niens et Z\u00e9lotes, ce qui a\nfacilit\u00e9 la prise de J\u00e9rusalem en +70.&nbsp;<\/p>\n\n\n\n<p>Au Moyen Age en France, ce sont des juifs\nconvertis qui ont men\u00e9s des campagnes contre les Juifs, comme en 1239, Nicolas\nDonin, de La Rochelle, Juif converti qui porta devant le pape Gr\u00e9goire IX une\naccusation contre le Talmud, et il existe bien d\u2019autres exemples dans toute\nl\u2019Europe.&nbsp;<\/p>\n\n\n\n<p>En 1921 des Juifs italiens ont adh\u00e9r\u00e9 au\nparti fasciste de Mussolini, dont\nAldo Finzi, Ettore Ovazza et ont \u00e9t\u00e9 \u00e9lus d\u00e9put\u00e9s.<\/p>\n\n\n\n<p>Ainsi de tout temps, il\nsemblerait que le meilleur ennemi du Juif, soit son propre fr\u00e8re.&nbsp;<\/p>\n\n\n\n<p>Comment comprendre cette\nhaine du Juif envers le Juif?&nbsp;<strong><\/strong><\/p>\n\n\n\n<p>Tout juif dispose en lui, m\u00eame si parfois\nde fa\u00e7on tr\u00e8s latente, comme un point enfoui dans le c\u0153ur, un attachement r\u00e9el\naux valeurs universelles de l\u2019h\u00e9ritage d&rsquo;Isra\u00ebl &#8211; que le Talmud exprime \u00e0 travers\nles paroles de Rabbi Akiva \u201cAime ton prochain comme toi-m\u00eame\u201d.&nbsp;<\/p>\n\n\n\n<p>Seulement au-del\u00e0 de ce point dans le\nc\u0153ur, il faut encore d\u00e9velopper une compr\u00e9hension mutuelle du sens de cet amour\ndu prochain et des valeurs d\u2019Isra\u00ebl. Sans cela, nous ne sommes bons qu\u2019\u00e0 nous\nentre-d\u00e9chirer dans des luttes id\u00e9ologiques sans fins qui n\u2019am\u00e8neront rien de\nbon.&nbsp;<\/p>\n\n\n\n<p>Sans cette entente commune sur ce que cela\nsignifie d\u2019\u00eatre Juif, les luttes intestines autour de qui d\u00e9tient l\u2019autorit\u00e9\nmorale ne cesseront et parmi les premiers \u00e0 appeler \u00e0 la destruction d\u2019Isra\u00ebl,\nse trouveront nombres de juifs.<\/p>\n\n\n\n<p>Quelle solution au\nconflit id\u00e9ologique?<strong><\/strong><\/p>\n\n\n\n<p>Sans un effort concert\u00e9 et collectif de\nl\u2019ensemble de la communaut\u00e9 juive et isra\u00e9lienne visant \u00e0 mieux se comprendre\net chercher \u00e0 clarifier notre identit\u00e9, notre r\u00f4le tant entre nous que vis \u00e0\nvis du monde, il n\u2019y a pas d\u2019issue en vue autre que des appels mutuels \u00e0 la\nhaine de l\u2019autre.&nbsp;<\/p>\n\n\n\n<p>Un tel d\u00e9bat n\u2019est pas chose facile, ni la\nsolution rapide mais le dialogue et l\u2019effort \u00e0 faire pour se rapprocher, sont\nles seules armes qui am\u00e8neront la paix entre nous et avec ceux qui nous\nentourent.<\/p>\n\n\n\n<p>Le r\u00f4le des leaders de communaut\u00e9s et des\nintellectuels de tout bord est ici d\u00e9terminant, pour s\u2019engager de bonne foi\ndans un d\u00e9bat ouvert avec un r\u00e9el \u00e9change constructif.&nbsp;<\/p>\n\n\n\n<p><\/p>\n\n\n\n<p><\/p>\n","protected":false},"excerpt":{"rendered":"<p>Mon article publi\u00e9 dans le Times of Israel en fran\u00e7ais: 1945, le jeune Elie Wiesel est comme beaucoup d\u2019autres r\u00e9fugi\u00e9s d\u2019alors, dans un camp de transit, sa maison en Roumanie est habit\u00e9e par des \u00e9trangers, il se retrouve apatride en<span class=\"ellipsis\">&hellip;<\/span><\/p>\n<div class=\"read-more\"><a href=\"https:\/\/www.michaellaitman.com\/fr\/uncategorized\/le-juif-est-le-meilleur-ennemi-du-juif\/\">Lire la suite &#8250;<\/a><\/div>\n<p><!-- end of .read-more --><\/p>\n","protected":false},"author":1,"featured_media":0,"comment_status":"open","ping_status":"open","sticky":false,"template":"","format":"standard","meta":{"ngg_post_thumbnail":0,"footnotes":""},"categories":[19,5,1],"tags":[],"class_list":["post-740","post","type-post","status-publish","format-standard","hentry","category-articles","category-news","category-uncategorized"],"_links":{"self":[{"href":"https:\/\/www.michaellaitman.com\/fr\/wp-json\/wp\/v2\/posts\/740","targetHints":{"allow":["GET"]}}],"collection":[{"href":"https:\/\/www.michaellaitman.com\/fr\/wp-json\/wp\/v2\/posts"}],"about":[{"href":"https:\/\/www.michaellaitman.com\/fr\/wp-json\/wp\/v2\/types\/post"}],"author":[{"embeddable":true,"href":"https:\/\/www.michaellaitman.com\/fr\/wp-json\/wp\/v2\/users\/1"}],"replies":[{"embeddable":true,"href":"https:\/\/www.michaellaitman.com\/fr\/wp-json\/wp\/v2\/comments?post=740"}],"version-history":[{"count":0,"href":"https:\/\/www.michaellaitman.com\/fr\/wp-json\/wp\/v2\/posts\/740\/revisions"}],"wp:attachment":[{"href":"https:\/\/www.michaellaitman.com\/fr\/wp-json\/wp\/v2\/media?parent=740"}],"wp:term":[{"taxonomy":"category","embeddable":true,"href":"https:\/\/www.michaellaitman.com\/fr\/wp-json\/wp\/v2\/categories?post=740"},{"taxonomy":"post_tag","embeddable":true,"href":"https:\/\/www.michaellaitman.com\/fr\/wp-json\/wp\/v2\/tags?post=740"}],"curies":[{"name":"wp","href":"https:\/\/api.w.org\/{rel}","templated":true}]}}