{"id":733,"date":"2019-07-09T10:16:45","date_gmt":"2019-07-09T09:16:45","guid":{"rendered":"https:\/\/www.michaellaitman.com\/fr\/?p=733"},"modified":"2026-01-14T21:43:51","modified_gmt":"2026-01-14T20:43:51","slug":"israel-le-peuple-a-la-nuque-raide","status":"publish","type":"post","link":"https:\/\/www.michaellaitman.com\/fr\/news\/israel-le-peuple-a-la-nuque-raide\/","title":{"rendered":"Isra\u00ebl, le peuple \u00e0 la nuque raide"},"content":{"rendered":"<p>Le peuple d\u2019Isra\u00ebl a toujours fait couler beaucoup d\u2019encres et ce pour maintes raisons. L\u2019une d\u2019entre elle est qu\u2019il est ent\u00eat\u00e9, et il est appel\u00e9 \u201cle peuple \u00e0 la nuque raide\u201d (Exode 33;5). Ce surnom n\u2019est pas en vain. En effet, il est r\u00e9put\u00e9 pour ne pas s\u2019incliner devant la volont\u00e9 sup\u00e9rieure.<\/p>\n<p>Mais quelle est donc la volont\u00e9 sup\u00e9rieure?<\/p>\n<p>C\u2019est la volont\u00e9 du Cr\u00e9ateur qui veut nous nous rapprochons de Lui en changeant l\u2019intention de nos d\u00e9sirs, qu\u2019elle soit en vue de donner au lieu de recevoir \u00e0 des fins personnelles. En faisant pr\u00e9valoir la volont\u00e9 sup\u00e9rieure, nous sommes plus proches du don, de la force positive de la nature et inversement.<\/p>\n<p>Pourquoi les Juifs n\u2019arrivent pas \u00e0 le faire? Ils ne sont jamais d\u2019accord avec le Cr\u00e9ateur et refusent donc de s\u2019incliner devant Lui<\/p>\n<p>A chaque fois que Dieu parle \u00e0 Mo\u00efse, afin qu\u2019il s\u2019adresse au peuple, ce dernier ne le croit pas, le peuple n\u2019a pas confiance en Mo\u00efse, il a des doutes, apr\u00e8s tout, la vie n\u2019est pas si terrible en Egypte, malgr\u00e9 l\u2019esclavage, qu\u2019ont-ils \u00e0 gagner en \u00e9coutant Mo\u00efse?<\/p>\n<p>Finalement, apr\u00e8s les 10 plaies d\u2019Egypte, Pharaon demande au peuple de partir. L\u2019\u00e9pisode de la Mer rouge est un autre exemple de l&rsquo;ent\u00eatement du peuple qui ne fait pas confiance \u00e0 Mo\u00efse et est pr\u00eat \u00e0 faire demi-tour et \u00e0 demander pardon \u00e0 Pharaon. Finalement, la mer s\u2019ouvre et le peuple s\u2019en va.<\/p>\n<p>Une fois \u00eatre sortie d\u2019Egypte, les dol\u00e9ances reprennent dans le d\u00e9sert, le peuple se plaint \u00e0 Mo\u00efse, il ne comprend pas la volont\u00e9 sup\u00e9rieure. De son c\u00f4t\u00e9 Mo\u00efse, le fid\u00e8le berger, continue sa mission et s\u2019en va recevoir les Tables, il sait tr\u00e8s bien que pour accomplir la volont\u00e9 sup\u00e9rieure il faut tout d\u2019abord faire puis \u00e9couter. Cependant, les enfants d\u2019Isra\u00ebl plus t\u00eatus que jamais, se sentent trahis, abandonn\u00e9s et fabriquent le veau d\u2019or.<\/p>\n<p>Nous voyons que durant toute l\u2019histoire de la sortie d\u2019Egypte, le peuple ne croit pas en Mo\u00efse, qui lui transmet la parole de Dieu.<\/p>\n<p>Ce refus d\u2019accomplir la volont\u00e9 sup\u00e9rieure, nous rappelle la situation des ann\u00e9es 30, quand le danger d\u2019extermination \u00e9tait imminent et que des voix se sont \u00e9lev\u00e9es pour demander aux Juifs de quitter l\u2019Europe. Personne ne les a \u00e9couter, ne voulant pas croire en la menace. Les mesures anti-juives prises en Allemagne puis la Nuit de Cristal en sont des preuves \u00e9videntes. Et pourtant\u2026 m\u00eame les Juifs qui se sont \u00e9chapp\u00e9s des camps ou des trains qui ont racont\u00e9 ce qui s\u2019y passait n\u2019ont pas \u00e9t\u00e9 crus.<\/p>\n<p>Les signes \u00e9taient l\u00e0 et les Juifs n\u2019y ont pas cru, comme avec Mo\u00efse, ils n\u2019ont pas voulu l\u2019\u00e9couter. Il en est de m\u00eame aujourd\u2019hui avec la r\u00e9surgence de l\u2019antis\u00e9mitisme dans le monde entier.<\/p>\n<p>Le peuple d\u2019Isra\u00ebl continuera t-il \u00e0 s\u2019ent\u00eater \u00e0 ne pas faire la volont\u00e9 sup\u00e9rieure et ce malgr\u00e9 les circonstances? Pourquoi attend-il toujours la derni\u00e8re minute pour \u00eatre sauv\u00e9? Et \u00e0 quel prix?<\/p>\n","protected":false},"excerpt":{"rendered":"<p>Le peuple d\u2019Isra\u00ebl a toujours fait couler beaucoup d\u2019encres et ce pour maintes raisons. L\u2019une d\u2019entre elle est qu\u2019il est ent\u00eat\u00e9, et il est appel\u00e9 \u201cle peuple \u00e0 la nuque raide\u201d (Exode 33;5). Ce surnom n\u2019est pas en vain. En<span class=\"ellipsis\">&hellip;<\/span><\/p>\n<div class=\"read-more\"><a href=\"https:\/\/www.michaellaitman.com\/fr\/news\/israel-le-peuple-a-la-nuque-raide\/\">Lire la suite &#8250;<\/a><\/div>\n<p><!-- end of .read-more --><\/p>\n","protected":false},"author":1,"featured_media":0,"comment_status":"open","ping_status":"open","sticky":false,"template":"","format":"standard","meta":{"ngg_post_thumbnail":0,"footnotes":""},"categories":[19,5],"tags":[],"class_list":["post-733","post","type-post","status-publish","format-standard","hentry","category-articles","category-news"],"_links":{"self":[{"href":"https:\/\/www.michaellaitman.com\/fr\/wp-json\/wp\/v2\/posts\/733","targetHints":{"allow":["GET"]}}],"collection":[{"href":"https:\/\/www.michaellaitman.com\/fr\/wp-json\/wp\/v2\/posts"}],"about":[{"href":"https:\/\/www.michaellaitman.com\/fr\/wp-json\/wp\/v2\/types\/post"}],"author":[{"embeddable":true,"href":"https:\/\/www.michaellaitman.com\/fr\/wp-json\/wp\/v2\/users\/1"}],"replies":[{"embeddable":true,"href":"https:\/\/www.michaellaitman.com\/fr\/wp-json\/wp\/v2\/comments?post=733"}],"version-history":[{"count":1,"href":"https:\/\/www.michaellaitman.com\/fr\/wp-json\/wp\/v2\/posts\/733\/revisions"}],"predecessor-version":[{"id":791,"href":"https:\/\/www.michaellaitman.com\/fr\/wp-json\/wp\/v2\/posts\/733\/revisions\/791"}],"wp:attachment":[{"href":"https:\/\/www.michaellaitman.com\/fr\/wp-json\/wp\/v2\/media?parent=733"}],"wp:term":[{"taxonomy":"category","embeddable":true,"href":"https:\/\/www.michaellaitman.com\/fr\/wp-json\/wp\/v2\/categories?post=733"},{"taxonomy":"post_tag","embeddable":true,"href":"https:\/\/www.michaellaitman.com\/fr\/wp-json\/wp\/v2\/tags?post=733"}],"curies":[{"name":"wp","href":"https:\/\/api.w.org\/{rel}","templated":true}]}}