{"id":711,"date":"2019-05-01T13:38:17","date_gmt":"2019-05-01T12:38:17","guid":{"rendered":"https:\/\/www.michaellaitman.com\/fr\/?p=711"},"modified":"2019-05-01T13:38:17","modified_gmt":"2019-05-01T12:38:17","slug":"yom-hashoah-se-souvenir-et-apres","status":"publish","type":"post","link":"https:\/\/www.michaellaitman.com\/fr\/news\/yom-hashoah-se-souvenir-et-apres\/","title":{"rendered":"Yom HaShoah: Se souvenir et apr\u00e8s?"},"content":{"rendered":"<p>Mon article publi\u00e9 dans <a href=\"https:\/\/www.dreuz.info\/2019\/04\/29\/yom-ha-shoah-2019-se-souvenir-et-apres\/\">Dreuz<\/a><\/p>\n<p>Yom Ha Shoah 2019, se souvenir et apr\u00e8s?<\/p>\n<p>Depuis la fondation de l\u2019Etat d\u2019Isra\u00ebl en 1948, en m\u00e9moire des 6 millions de juifs qui ont p\u00e9ri dans les camps, la journ\u00e9e en m\u00e9moire de la Shoah a \u00e9t\u00e9 instaur\u00e9e pour ne pas oublier les horreurs du pass\u00e9. Des t\u00e9moignages bouleversants de survivants, de militaires, de r\u00e9sistants sont diffus\u00e9s \u00e0 la t\u00e9l\u00e9vision. Une c\u00e9r\u00e9monie nationale a lieu et la sir\u00e8ne retentit, immobilisant tout le pays pour une minute, afin de ne jamais oublier le massacre orchestr\u00e9 d\u2019une main de ma\u00eetre par les nazis, plus connu sous le nom de la \u00ab Solution finale \u00bb,\u00a0 officialisant les camps de la mort et le nettoyage ethnique de l\u2019Europe.<\/p>\n<p>Il semblerait que la sympathie suscit\u00e9e apr\u00e8s la Shoah soit arriv\u00e9e \u00ab \u00e0 prescription \u00bb l\u00e9gitimant la remise en cause de l\u2019existence d\u2019Isra\u00ebl et les attaques antis\u00e9mites dans le monde. Il est presque devenu \u00ab banal \u00bb de taguer de croix gamm\u00e9es les st\u00e8les, les vitrines, les voitures, les boites aux lettres. Peu semblent s\u2019en offusquer, les premiers \u00e0 r\u00e9agir sont toujours les juifs que l\u2019on accuse de lobbying. On pourrait m\u00eame se demander si les documentaires film\u00e9s \u00e0 la lib\u00e9ration des camps ont encore un impact sur les gens et que seule la propagande antisioniste et antis\u00e9mite ait lieu d\u2019\u00eatre.<\/p>\n<p>En plus du devoir de m\u00e9moire, il semblerait que le temps d\u2019agir soit venu. Cependant, quelle action entreprendre quand le virus de la haine se propage \u00e0 nouveau? Faut-il protester, s\u2019indigner ou se r\u00e9signer? Nous pouvons n\u00e9anmoins y r\u00e9fl\u00e9chir. En effet, comment apr\u00e8s 2000 ans de pers\u00e9cutions et d\u2019humiliations, le juif se retrouve toujours sur le banc des accus\u00e9s?<\/p>\n<p>Certes, cela est presque flatteur qu\u2019une si petite minorit\u00e9 soit le centre d\u2019int\u00e9r\u00eat permanent des m\u00e9dias, mais en r\u00e9alit\u00e9, c\u2019est fatiguant. Apr\u00e8s tout, le juif aspire comme n\u2019importe qui \u00e0 vivre paisiblement.<\/p>\n<p>Cependant, le monde semble vouloir autre chose, ne nous laissant pas la possibilit\u00e9 d\u2019oublier notre identit\u00e9. Les contributions technologiques, informatiques, scientifiques des juifs sont incontestables, mais n\u2019ont pas fait taire les revendications, c\u2019est m\u00eame l\u2019inverse.<\/p>\n<p>Il serait bon que les juifs se demandent s\u2019ils n\u2019ont pas un autre r\u00f4le \u00e0 jouer, il porte le nom de peuple \u00e9lu, de peuple du livre et cela implique des responsabilit\u00e9s.<\/p>\n<p>Quoi qu\u2019il en soit, pour cette journ\u00e9e de l\u2019Holocauste, nos pens\u00e9es sont avec ceux que la haine irrationnelle a extermin\u00e9s. Nous, qui sommes en vie, semblons \u00eatre pouss\u00e9s par le reste du monde vers un destin auquel il serait bon de r\u00e9fl\u00e9chir s\u00e9rieusement, afin d\u2019\u00e9viter que le pass\u00e9 ne se r\u00e9p\u00e8te.<\/p>\n<p>&nbsp;<\/p>\n","protected":false},"excerpt":{"rendered":"<p>Mon article publi\u00e9 dans Dreuz Yom Ha Shoah 2019, se souvenir et apr\u00e8s? Depuis la fondation de l\u2019Etat d\u2019Isra\u00ebl en 1948, en m\u00e9moire des 6 millions de juifs qui ont p\u00e9ri dans les camps, la journ\u00e9e en m\u00e9moire de la<span class=\"ellipsis\">&hellip;<\/span><\/p>\n<div class=\"read-more\"><a href=\"https:\/\/www.michaellaitman.com\/fr\/news\/yom-hashoah-se-souvenir-et-apres\/\">Lire la suite &#8250;<\/a><\/div>\n<p><!-- end of .read-more --><\/p>\n","protected":false},"author":1,"featured_media":0,"comment_status":"open","ping_status":"open","sticky":false,"template":"","format":"standard","meta":{"ngg_post_thumbnail":0,"footnotes":""},"categories":[19,5],"tags":[],"class_list":["post-711","post","type-post","status-publish","format-standard","hentry","category-articles","category-news"],"_links":{"self":[{"href":"https:\/\/www.michaellaitman.com\/fr\/wp-json\/wp\/v2\/posts\/711","targetHints":{"allow":["GET"]}}],"collection":[{"href":"https:\/\/www.michaellaitman.com\/fr\/wp-json\/wp\/v2\/posts"}],"about":[{"href":"https:\/\/www.michaellaitman.com\/fr\/wp-json\/wp\/v2\/types\/post"}],"author":[{"embeddable":true,"href":"https:\/\/www.michaellaitman.com\/fr\/wp-json\/wp\/v2\/users\/1"}],"replies":[{"embeddable":true,"href":"https:\/\/www.michaellaitman.com\/fr\/wp-json\/wp\/v2\/comments?post=711"}],"version-history":[{"count":0,"href":"https:\/\/www.michaellaitman.com\/fr\/wp-json\/wp\/v2\/posts\/711\/revisions"}],"wp:attachment":[{"href":"https:\/\/www.michaellaitman.com\/fr\/wp-json\/wp\/v2\/media?parent=711"}],"wp:term":[{"taxonomy":"category","embeddable":true,"href":"https:\/\/www.michaellaitman.com\/fr\/wp-json\/wp\/v2\/categories?post=711"},{"taxonomy":"post_tag","embeddable":true,"href":"https:\/\/www.michaellaitman.com\/fr\/wp-json\/wp\/v2\/tags?post=711"}],"curies":[{"name":"wp","href":"https:\/\/api.w.org\/{rel}","templated":true}]}}