{"id":698,"date":"2019-03-13T12:00:14","date_gmt":"2019-03-13T11:00:14","guid":{"rendered":"http:\/\/www.michaellaitman.com\/fr\/?p=698"},"modified":"2019-03-13T12:00:14","modified_gmt":"2019-03-13T11:00:14","slug":"lantisemitisme-est-il-inevitable","status":"publish","type":"post","link":"https:\/\/www.michaellaitman.com\/fr\/news\/lantisemitisme-est-il-inevitable\/","title":{"rendered":"L\u2019antis\u00e9mitisme est-il in\u00e9vitable ?"},"content":{"rendered":"<p><span style=\"font-weight: 400\">Ces derni\u00e8res ann\u00e9es, la recrudescence des actes antis\u00e9mites (en hausse de 74% en France) nous a fait passer d\u2019un sentiment d\u2019indignation g\u00e9n\u00e9rale \u00e0 celui d\u2019indiff\u00e9rence. Nous assistons, souvent impuissants, \u00e0 la g\u00e9n\u00e9ralisation d\u2019un sentiment n\u00e9gatif, instinctif, \u00e0 l\u2019encontre des Juifs. Les gens n\u2019y peuvent rien, l\u2019antis\u00e9mitisme est latent, sommeille en eux et il se r\u00e9veille par p\u00e9riode, et aujourd\u2019hui il a pris une ampleur tr\u00e8s inqui\u00e9tante.<\/span><\/p>\n<p><span style=\"font-weight: 400\">Comme tout ph\u00e9nom\u00e8ne de la nature, il convient donc de l\u2019analyser pour le comprendre et agir en cons\u00e9quence.<\/span><\/p>\n<p><span style=\"font-weight: 400\">La Kabbale explique que tout le but de la cr\u00e9ation est d\u2019arriver \u00e0 la perfection, l\u2019\u00e9ternit\u00e9, la paix, l\u2019\u00e9quilibre au sein de toute la Nature.<\/span><\/p>\n<p><span style=\"font-weight: 400\">Pour cela un syst\u00e8me a \u00e9t\u00e9 \u00e9tabli o\u00f9 chaque \u00eatre humain a un r\u00f4le \u00e0 jouer, il ne s\u2019agit pas de comp\u00e9tition, ni de sup\u00e9riorit\u00e9, mais simplement d\u2019un ensemble de parties diff\u00e9rentes qui concourt \u00e0 un tout.<\/span><\/p>\n<p><span style=\"font-weight: 400\">Le plan de la cr\u00e9ation \u00e9tant consid\u00e9rable, il faut donc que chacun ait sa place et son r\u00f4le.<\/span><\/p>\n<p><span style=\"font-weight: 400\">Tout comme le corps humain est compos\u00e9 d\u2019organes de diff\u00e9rente importance, ils sont n\u00e9anmoins tous n\u00e9cessaires au bon fonctionnement et si l\u2019un d\u2019eux manquait, un d\u00e9s\u00e9quilibre se ferait ressentir imm\u00e9diatement : une maladie.<\/span><\/p>\n<p><span style=\"font-weight: 400\">Pour r\u00e9aliser ce plan, le peuple d\u2019Isra\u00ebl a \u00e9t\u00e9 choisi pour transmettre ce savoir &#8211; comment vivre ensemble &#8211; aux nations du monde. <\/span><\/p>\n<p><strong>La probl\u00e9matique : expliquer \u00e0 chacun son r\u00f4le<\/strong><\/p>\n<p><span style=\"font-weight: 400\">1) Les Juifs eux-m\u00eames ont oubli\u00e9 qu\u2019ils d\u00e9tiennent un tel savoir et qu\u2019ils doivent l\u2019appliquer puis le transmettre et \u00eatre ainsi la lumi\u00e8re des nations. Tel est le message du juda\u00efsme \u00a0qui se r\u00e9sume \u00e0 \u00ab aime ton prochain comme toi-m\u00eame \u00bb.<\/span><\/p>\n<p><span style=\"font-weight: 400\">Si les Juifs ne mettent pas en \u0153uvre la m\u00e9thode d\u2019union pour se corriger et conduire l\u2019humanit\u00e9 au bonheur, alors cette derni\u00e8re accuse les Juifs de tous les torts et ils sont vus comme la maladie, le probl\u00e8me \u00e0 soigner voire \u00e0 \u00e9radiquer.<\/span><\/p>\n<p><span style=\"font-weight: 400\">2) Les nations font pression sur Isra\u00ebl car elles sentent que les Juifs d\u00e9tiennent quelque chose qui leur appartient et qu\u2019ils ne le leur donnent pas. De nos jours, cette pression est n\u00e9gative et se traduit par de la haine : un antis\u00e9mitisme ou un antisionisme, car peu importe o\u00f9 vivent les Juifs, ils sont toujours accus\u00e9s d\u2019\u00eatre la source du mal dans le monde et ce, depuis la nuit des temps.<\/span><\/p>\n<p><strong>La particularit\u00e9 du peuple d\u2019Isra\u00ebl<\/strong><\/p>\n<p><span style=\"font-weight: 400\">Le peuple d\u2019Isra\u00ebl n\u2019est pas un peuple comme les autres. Il est compos\u00e9 de tous les peuples qui existaient \u00e0 Babylone, il y a 3000 ans. Abraham a r\u00e9uni un groupe de personnes qui aspirait \u00e0 d\u00e9couvrir la divinit\u00e9. Ce peuple s\u2019appelle Isra\u00ebl, des mots \u00ab droit \u00e0 Dieu \u00bb (<em>Yashar-El)<\/em> et qui suivent le principe \u00ab aime ton prochain comme toi-m\u00eame \u00bb.<\/span><\/p>\n<p><span style=\"font-weight: 400\">Ainsi dans chaque Juif, il y a une partie de cette mosa\u00efque de peuples et en se corrigeant, il corrige tout le syst\u00e8me. La responsabilit\u00e9 est grande et peu de Juifs en sont conscients ou refusent de l\u2019admettre, pr\u00e9f\u00e9rant continuer \u00e0 vivre comme tout le monde, tout en ne comprenant pas l\u2019antis\u00e9mitisme virulent dont ils sont victimes. <\/span><\/p>\n<p><span style=\"font-weight: 400\">L&rsquo;\u00e9lection juive se rapporte uniquement \u00e0 un devoir de transmission d\u2019un savoir et non \u00e0 une domination du monde comme ils en sont accus\u00e9s.<\/span><\/p>\n<p><strong>Isra\u00ebl et les nations du monde<\/strong><\/p>\n<p><span style=\"font-weight: 400\">Les critiques d\u2019Isra\u00ebl ou des Juifs en g\u00e9n\u00e9ral sont l\u00e9gitimes uniquement si elles visent \u00e0 rappeler aux Juifs le travail qu\u2019ils ont \u00e0 faire.<\/span><\/p>\n<p><span style=\"font-weight: 400\">L\u2019Etat d\u2019Isra\u00ebl doit savoir qu\u2019il doit \u00eatre le centre spirituel du monde entier. Les Juifs doivent le soutenir de tout c\u0153ur et \u00e2me, peu importe o\u00f9 ils vivent. <\/span><\/p>\n<p><span style=\"font-weight: 400\">Ainsi, si les nations du monde l\u2019acceptent et poussent Isra\u00ebl \u00e0 r\u00e9aliser sa mission, alors elles le soutiendront, comme cela est \u00e9crit dans la proph\u00e9tie d\u2019Isa\u00efe (49,22) et inversement comme il est \u00e9crit dans le Zohar <em>(Yevamot<\/em> 63) \u00ab aucune calamit\u00e9 ne se produit dans le monde, si ce n\u2019est pour Isra\u00ebl \u00bb.<\/span><\/p>\n<p><strong>Des super-h\u00e9ros ?<\/strong><\/p>\n<p><span style=\"font-weight: 400\">Les pays disent que les Juifs sont sp\u00e9ciaux, \u00ab qu\u2019ils sont partout \u00bb (finances, show business, m\u00e9decine, politique etc.), ils sont m\u00eame convaincus que les Juifs ont des forces surnaturelles.<\/span><\/p>\n<p><span style=\"font-weight: 400\">Les Juifs ne sont pas des super-h\u00e9ros, mais ils savent dans leur for int\u00e9rieur qu\u2019ils ont une t\u00e2che \u00e0 accomplir, c\u2019est s\u00fbrement pour cela que ce sont eux qui ont cr\u00e9\u00e9s les super-h\u00e9ros de Marvel qui sauvent le monde.<\/span><\/p>\n<p><span style=\"font-weight: 400\">En effet, lorsque les Juifs s\u2019unissent, ils sauvent vraiment le monde. Le fait de savoir comment s\u2019unir vient d\u2019une m\u00e9thode qui elle, est surnaturelle.<\/span><\/p>\n<p><span style=\"font-weight: 400\">Nous sommes, par nature, effectivement tous \u00e9go\u00efstes, nous ne savons pas comment nous servir correctement des forces de la nature \u2013 l\u2019amour et la haine \u2013 c\u2019est-\u00e0-dire, passer de la haine gratuite \u00e0 l\u2019amour du prochain. Cette utilisation correcte de notre ego s\u2019appelle le <em>Tikoun<\/em> (correction) et elle s\u2019applique \u00e0 toute l\u2019humanit\u00e9 sans exception.<\/span><\/p>\n<p><span style=\"font-weight: 400\">Cette correction a \u00e9t\u00e9 confi\u00e9e au peuple d\u2019Isra\u00ebl qui doit changer en premier, r\u00e9apprendre \u00e0 vivre ensemble, peu importe les diff\u00e9rences et les diff\u00e9rends.<\/span><\/p>\n<p><span style=\"font-weight: 400\">Les Juifs sont une grande famille complexe (m\u00eame s\u2019ils ne repr\u00e9sentent m\u00eame pas 0.2 % de la population mondiale), mais ils sont capables de s\u2019unir au-dessus de leur ego, gr\u00e2ce \u00e0 la m\u00e9thode d\u2019union qu\u2019ils doivent \u00e9tudier et appliquer. C\u2019est ce que nous t\u00e2chons de faire quotidiennement en Isra\u00ebl, en \u00e9tudiant la sagesse de la Kabbale.<\/span><\/p>\n<p><span style=\"font-weight: 400\">Reste \u00e0 faire passer le message aux int\u00e9ress\u00e9s !<\/span><\/p>\n","protected":false},"excerpt":{"rendered":"<p>Ces derni\u00e8res ann\u00e9es, la recrudescence des actes antis\u00e9mites (en hausse de 74% en France) nous a fait passer d\u2019un sentiment d\u2019indignation g\u00e9n\u00e9rale \u00e0 celui d\u2019indiff\u00e9rence. Nous assistons, souvent impuissants, \u00e0 la g\u00e9n\u00e9ralisation d\u2019un sentiment n\u00e9gatif, instinctif, \u00e0 l\u2019encontre des Juifs.<span class=\"ellipsis\">&hellip;<\/span><\/p>\n<div class=\"read-more\"><a href=\"https:\/\/www.michaellaitman.com\/fr\/news\/lantisemitisme-est-il-inevitable\/\">Lire la suite &#8250;<\/a><\/div>\n<p><!-- end of .read-more --><\/p>\n","protected":false},"author":1,"featured_media":0,"comment_status":"open","ping_status":"open","sticky":false,"template":"","format":"standard","meta":{"ngg_post_thumbnail":0,"footnotes":""},"categories":[19,5],"tags":[245,311,248,312,310],"class_list":["post-698","post","type-post","status-publish","format-standard","hentry","category-articles","category-news","tag-antisemitisme","tag-correction","tag-israel","tag-peuple-elu","tag-tikoun"],"_links":{"self":[{"href":"https:\/\/www.michaellaitman.com\/fr\/wp-json\/wp\/v2\/posts\/698","targetHints":{"allow":["GET"]}}],"collection":[{"href":"https:\/\/www.michaellaitman.com\/fr\/wp-json\/wp\/v2\/posts"}],"about":[{"href":"https:\/\/www.michaellaitman.com\/fr\/wp-json\/wp\/v2\/types\/post"}],"author":[{"embeddable":true,"href":"https:\/\/www.michaellaitman.com\/fr\/wp-json\/wp\/v2\/users\/1"}],"replies":[{"embeddable":true,"href":"https:\/\/www.michaellaitman.com\/fr\/wp-json\/wp\/v2\/comments?post=698"}],"version-history":[{"count":0,"href":"https:\/\/www.michaellaitman.com\/fr\/wp-json\/wp\/v2\/posts\/698\/revisions"}],"wp:attachment":[{"href":"https:\/\/www.michaellaitman.com\/fr\/wp-json\/wp\/v2\/media?parent=698"}],"wp:term":[{"taxonomy":"category","embeddable":true,"href":"https:\/\/www.michaellaitman.com\/fr\/wp-json\/wp\/v2\/categories?post=698"},{"taxonomy":"post_tag","embeddable":true,"href":"https:\/\/www.michaellaitman.com\/fr\/wp-json\/wp\/v2\/tags?post=698"}],"curies":[{"name":"wp","href":"https:\/\/api.w.org\/{rel}","templated":true}]}}