{"id":692,"date":"2019-03-05T12:47:56","date_gmt":"2019-03-05T11:47:56","guid":{"rendered":"http:\/\/www.michaellaitman.com\/fr\/?p=692"},"modified":"2019-03-07T10:44:59","modified_gmt":"2019-03-07T09:44:59","slug":"la-femme-est-lavenir-de-lhomme","status":"publish","type":"post","link":"https:\/\/www.michaellaitman.com\/fr\/news\/la-femme-est-lavenir-de-lhomme\/","title":{"rendered":"8 mars: La femme \u00e0 l&rsquo;honneur"},"content":{"rendered":"<p><span style=\"font-weight: 400\">Le 8 mars est la journ\u00e9e internationale de la femme et \u00e0 cette occasion, il serait bon de l\u2019honorer comme il se doit.<\/span><\/p>\n<p><span style=\"font-weight: 400\">L\u2019Histoire n\u2019a pas toujours \u00e9t\u00e9 tendre avec les femmes, et m\u00eame si de grandes personnalit\u00e9s se sont illustr\u00e9es, elles ont toujours \u00e9t\u00e9 en retrait. Il aura fallu attendre le 20<\/span><span style=\"font-weight: 400\">\u00e8me<\/span><span style=\"font-weight: 400\"> si\u00e8cle et les deux guerres mondiales pour que leur influence commence \u00e0 \u00e9voluer, en devenant plus visible et ce, apr\u00e8s de longues ann\u00e9es de lutte pour l\u2019\u00e9mancipation et la reconnaissance de leurs droits, ainsi que pour leur contribution sociale, scientifique, politique, et culturelle.<\/span><\/p>\n<p><span style=\"font-weight: 400\">De nos jours, nous voyons que les femmes occupent des postes cl\u00e9 en politique, dans l\u2019arm\u00e9e, elles sont PDG de grandes soci\u00e9t\u00e9s, elles s\u2019illustrent dans tous les domaines. Cette tendance va devenir majoritaire car le temps de la correction est venu et la femme y joue un r\u00f4le primordial et souvent m\u00e9connu.<\/span><\/p>\n<p><span style=\"font-weight: 400\">Si par le pass\u00e9, les femmes \u00e9taient cantonn\u00e9es dans leur cuisine et devaient s\u2019occuper de leur famille, l\u2019\u00e9volution des moeurs leur a permis de sortir de leur r\u00e9serve et de s\u2019affirmer \u00e0 part enti\u00e8re, avec succ\u00e8s, presque partout dans le monde. <\/span><\/p>\n<p><span style=\"font-weight: 400\">La femme dispose d\u2019une force qui permet de faire bouger les choses, sans les femmes, les hommes seraient rest\u00e9s de grands enfants. Cette force des femmes vient de la sagesse du coeur, elles comprennent avec leur coeur, d\u2019o\u00f9 leur empathie naturelle. <\/span><\/p>\n<p><span style=\"font-weight: 400\">Cette sagesse les rend plus responsables dans la vie, telle une m\u00e8re qui veille constamment sur sa famille. D\u00e9j\u00e0 \u00e0 l\u2019\u00e9poque d\u2019Abraham, il lui a \u00e9t\u00e9 ordonn\u00e9 d\u2019\u00e9couter ce que lui disait sa femme Sarah. <\/span><\/p>\n<p><span style=\"font-weight: 400\">C\u2019est pour cette vision du monde que les femmes m\u00e9ritent d\u2019\u00eatre reconnues, d\u2019\u00eatre prises au s\u00e9rieux et l\u2019avenir devrait nous le montrer. <\/span><\/p>\n<p><span style=\"font-weight: 400\">Le temps est donc venu que les femmes elles-m\u00eames prennent les rennes de leur propre destin\u00e9e et n\u2019attendent pas que les hommes le fassent pour elles. Leur instinct maternel naturel les pousse \u00e0 oeuvrer en ce sens. L\u2019avenir de l\u2019humanit\u00e9 repose d\u00e9sormais sur leur engagement et sur leur capacit\u00e9 de redonner \u00e0 la soci\u00e9t\u00e9 la coh\u00e9sion qui lui manque. \u00a0<\/span><\/p>\n<p><span style=\"font-weight: 400\">En effet, tout comme dans le pass\u00e9 les femmes ont permis la sortie d\u2019Egypte, en cette p\u00e9riode d\u2019incertitude, ce sont elles \u00e9galement, qui seront le moteur du changement dont l\u2019humanit\u00e9 a tant besoin.<\/span><\/p>\n<p><span style=\"font-weight: 400\">Bonne f\u00eate mesdames!<\/span><\/p>\n","protected":false},"excerpt":{"rendered":"<p>Le 8 mars est la journ\u00e9e internationale de la femme et \u00e0 cette occasion, il serait bon de l\u2019honorer comme il se doit. L\u2019Histoire n\u2019a pas toujours \u00e9t\u00e9 tendre avec les femmes, et m\u00eame si de grandes personnalit\u00e9s se sont<span class=\"ellipsis\">&hellip;<\/span><\/p>\n<div class=\"read-more\"><a href=\"https:\/\/www.michaellaitman.com\/fr\/news\/la-femme-est-lavenir-de-lhomme\/\">Lire la suite &#8250;<\/a><\/div>\n<p><!-- end of .read-more --><\/p>\n","protected":false},"author":1,"featured_media":0,"comment_status":"open","ping_status":"open","sticky":false,"template":"","format":"standard","meta":{"ngg_post_thumbnail":0,"footnotes":""},"categories":[19,8,5],"tags":[300,302,301,297,299,298,303],"class_list":["post-692","post","type-post","status-publish","format-standard","hentry","category-articles","category-education","category-news","tag-8-mars","tag-carriere","tag-famille","tag-femmes","tag-journee-internationale-de-la-femme","tag-journee-mondiale-de-la-femme","tag-journeedesfemmes"],"_links":{"self":[{"href":"https:\/\/www.michaellaitman.com\/fr\/wp-json\/wp\/v2\/posts\/692","targetHints":{"allow":["GET"]}}],"collection":[{"href":"https:\/\/www.michaellaitman.com\/fr\/wp-json\/wp\/v2\/posts"}],"about":[{"href":"https:\/\/www.michaellaitman.com\/fr\/wp-json\/wp\/v2\/types\/post"}],"author":[{"embeddable":true,"href":"https:\/\/www.michaellaitman.com\/fr\/wp-json\/wp\/v2\/users\/1"}],"replies":[{"embeddable":true,"href":"https:\/\/www.michaellaitman.com\/fr\/wp-json\/wp\/v2\/comments?post=692"}],"version-history":[{"count":0,"href":"https:\/\/www.michaellaitman.com\/fr\/wp-json\/wp\/v2\/posts\/692\/revisions"}],"wp:attachment":[{"href":"https:\/\/www.michaellaitman.com\/fr\/wp-json\/wp\/v2\/media?parent=692"}],"wp:term":[{"taxonomy":"category","embeddable":true,"href":"https:\/\/www.michaellaitman.com\/fr\/wp-json\/wp\/v2\/categories?post=692"},{"taxonomy":"post_tag","embeddable":true,"href":"https:\/\/www.michaellaitman.com\/fr\/wp-json\/wp\/v2\/tags?post=692"}],"curies":[{"name":"wp","href":"https:\/\/api.w.org\/{rel}","templated":true}]}}