{"id":678,"date":"2019-02-11T13:08:19","date_gmt":"2019-02-11T12:08:19","guid":{"rendered":"http:\/\/www.michaellaitman.com\/fr\/?p=678"},"modified":"2026-01-14T21:44:32","modified_gmt":"2026-01-14T20:44:32","slug":"pourquoi-lunite-disrael-est-sa-force","status":"publish","type":"post","link":"https:\/\/www.michaellaitman.com\/fr\/news\/pourquoi-lunite-disrael-est-sa-force\/","title":{"rendered":"Pourquoi l\u2019unit\u00e9 d\u2019Isra\u00ebl est sa force?"},"content":{"rendered":"<p>Il y a deux semaines le minist\u00e8re de l\u2019Education nationale isra\u00e9lien a envoy\u00e9 une circulaire aux professeurs pour faire de cette ann\u00e9e scolaire celle de l\u2019unit\u00e9 dans l\u2019espoir d\u2019influencer la jeune g\u00e9n\u00e9ration.<\/p>\n unit\u00e9\n<p>\u201cLa soci\u00e9t\u00e9 isra\u00e9lienne a toujours \u00e9t\u00e9 et est encore aujourd&rsquo;hui une combinaison fascinante de croyances, d&rsquo;opinions, de traditions et de valeurs. C&rsquo;est sa force et sa beaut\u00e9. Nous avons l\u2019intention de mettre l\u2019accent sur notre destin et mission communs et de ch\u00e9rir la solidarit\u00e9 afin que nous nous acceptons pleinement avec amour, malgr\u00e9 les diff\u00e9rences qui nous s\u00e9parent.\u201d<\/p>\n<p>L\u2019identit\u00e9 fondamentale du peuple d&rsquo;Isra\u00ebl se base sur son unit\u00e9. Il ne s\u2019agit pas d\u2019une unit\u00e9 qui trouve ses racines dans un nationalisme mal plac\u00e9 ni dans un sentiment de sup\u00e9riorit\u00e9.<\/p>\n<p>S\u2019unir au-dessus de nos diff\u00e9rences est pr\u00e9cis\u00e9ment ce que nos sages ont toujours voulu nous enseigner. Non seulement parce que c\u2019est la meilleure fa\u00e7on de s\u2019\u00e9panouir en tant que nation mais \u00e9galement quand elle est absente le monde nous hait.<\/p>\n<p>C\u2019est comme si nous avions un r\u00f4le \u00e0 jouer et qu\u2019\u00e0 chaque fois que nous y manquons, le reste du monde vient se plaindre \u00e0 nous.<\/p>\n<p>Ces derni\u00e8res ann\u00e9es la mont\u00e9e de la haine envers Isra\u00ebl et les Juifs en Isra\u00ebl et dans le monde devrait nous servir de sonnette d\u2019alarme et pointer du doigt notre manque d\u2019unit\u00e9.<\/p>\n<p>Nous voil\u00e0 aujourd\u2019hui revenus \u00e0 la crois\u00e9e des chemins<\/p>\n<p>Alors que le pays est en pleine campagne \u00e9lectorale, nous nous illustrons une fois de plus par notre division et nos querelles et non par notre unit\u00e9.<\/p>\n<p>Le peuple d\u2019Isra\u00ebl doit se r\u00e9veiller s\u2019il veut un jour pouvoir remplir son r\u00f4le, et \u00eatre vraiment une lumi\u00e8re pour les nations. C\u2019est ce qu\u2019elles attendent vraiment de nous, bien plus que notre contribution technologique ou m\u00e9dicale.<\/p>\n<p>Il appartient \u00e0 chacun de s\u2019employer \u00e0 \u00e9veiller le sentiment d\u2019unit\u00e9 car nous sommes tous concern\u00e9s et que cela ne rel\u00e8ve pas du gouvernement quel qu\u2019il soit.<\/p>\n<p>C\u2019est dans cet esprit que nous organisons un congr\u00e8s international de Kabbale en Isra\u00ebl qui r\u00e9unira plus de 7000 personnes de toutes confessions, origines sociales, pays et qui souhaitent vivre dans une soci\u00e9t\u00e9 bas\u00e9e sur des valeurs authentiques qui d\u00e9coulent d\u2019une prise de conscience d\u2019un r\u00e9el changement personnel et non pas d\u2019une simple d\u00e9claration de principe.<\/p>\n","protected":false},"excerpt":{"rendered":"<p>Il y a deux semaines le minist\u00e8re de l\u2019Education nationale isra\u00e9lien a envoy\u00e9 une circulaire aux professeurs pour faire de cette ann\u00e9e scolaire celle de l\u2019unit\u00e9 dans l\u2019espoir d\u2019influencer la jeune g\u00e9n\u00e9ration. \u201cLa soci\u00e9t\u00e9 isra\u00e9lienne a toujours \u00e9t\u00e9 et est<span class=\"ellipsis\">&hellip;<\/span><\/p>\n<div class=\"read-more\"><a href=\"https:\/\/www.michaellaitman.com\/fr\/news\/pourquoi-lunite-disrael-est-sa-force\/\">Lire la suite &#8250;<\/a><\/div>\n<p><!-- end of .read-more --><\/p>\n","protected":false},"author":1,"featured_media":0,"comment_status":"open","ping_status":"open","sticky":false,"template":"","format":"standard","meta":{"ngg_post_thumbnail":0,"footnotes":""},"categories":[19,5],"tags":[271,268,272,20,273,270,206],"class_list":["post-678","post","type-post","status-publish","format-standard","hentry","category-articles","category-news","tag-education-nationale","tag-kabbale","tag-laitman","tag-michael-laitman","tag-solidarite","tag-tel-aviv","tag-unite"],"_links":{"self":[{"href":"https:\/\/www.michaellaitman.com\/fr\/wp-json\/wp\/v2\/posts\/678","targetHints":{"allow":["GET"]}}],"collection":[{"href":"https:\/\/www.michaellaitman.com\/fr\/wp-json\/wp\/v2\/posts"}],"about":[{"href":"https:\/\/www.michaellaitman.com\/fr\/wp-json\/wp\/v2\/types\/post"}],"author":[{"embeddable":true,"href":"https:\/\/www.michaellaitman.com\/fr\/wp-json\/wp\/v2\/users\/1"}],"replies":[{"embeddable":true,"href":"https:\/\/www.michaellaitman.com\/fr\/wp-json\/wp\/v2\/comments?post=678"}],"version-history":[{"count":1,"href":"https:\/\/www.michaellaitman.com\/fr\/wp-json\/wp\/v2\/posts\/678\/revisions"}],"predecessor-version":[{"id":793,"href":"https:\/\/www.michaellaitman.com\/fr\/wp-json\/wp\/v2\/posts\/678\/revisions\/793"}],"wp:attachment":[{"href":"https:\/\/www.michaellaitman.com\/fr\/wp-json\/wp\/v2\/media?parent=678"}],"wp:term":[{"taxonomy":"category","embeddable":true,"href":"https:\/\/www.michaellaitman.com\/fr\/wp-json\/wp\/v2\/categories?post=678"},{"taxonomy":"post_tag","embeddable":true,"href":"https:\/\/www.michaellaitman.com\/fr\/wp-json\/wp\/v2\/tags?post=678"}],"curies":[{"name":"wp","href":"https:\/\/api.w.org\/{rel}","templated":true}]}}