{"id":677,"date":"2019-02-06T14:48:22","date_gmt":"2019-02-06T13:48:22","guid":{"rendered":"http:\/\/www.michaellaitman.com\/fr\/?p=677"},"modified":"2019-02-14T13:55:18","modified_gmt":"2019-02-14T12:55:18","slug":"congres-international-de-kabbale","status":"publish","type":"post","link":"https:\/\/www.michaellaitman.com\/fr\/news\/congres-international-de-kabbale\/","title":{"rendered":"Congr\u00e8s international de Kabbale"},"content":{"rendered":"<p><strong>Je vous invite \u00e0 participer au congr\u00e8s annuel de Kabbale qui se tiendra au Parc des Expositions de Tel-Aviv du 19 au 21 f\u00e9vrier 2019.<\/strong><\/p>\n<p><span style=\"font-weight: 400\">Au cours de ces trois jours, plus de 7000 personnes, de toutes confessions venant du monde entier se r\u00e9uniront pour \u00e9couter, discuter, partager les valeurs de la sagesse de la Kabbale et qui se r\u00e9sument par la c\u00e9l\u00e8bre phrase \u00ab aime ton prochain comme toi-m\u00eame \u00bb.<\/span><\/p>\n<p><span style=\"font-weight: 400\">Vous pouvez suivre le congr\u00e8s en direct sur ma page <a href=\"https:\/\/www.facebook.com\/laitman.fr\/?epa=SEARCH_BOX\">Facebook<\/a> de Micha\u00ebl Laitman mais \u00e9galement sur kab.tv\/live. Une traduction en fran\u00e7ais sera assur\u00e9e.<\/span><\/p>\n<p><span style=\"font-weight: 400\">Pour plus d\u2019informations sur les modalit\u00e9s d\u2019inscription et les horaires, cliquez <\/span><a href=\"http:\/\/laitman.fr\/2019\/01\/30\/congres-international-de-kabbale\/\"><span style=\"font-weight: 400\">ici<\/span><\/a><\/p>\n<p><span style=\"font-weight: 400\">Aujourd\u2019hui, plus que jamais, au vue de l\u2019actualit\u00e9 il appartient \u00e0 tous de r\u00e9apprendre \u00e0 vivre ensemble, en d\u00e9pit de toutes les divergences.<\/span><\/p>\n<p><span style=\"font-weight: 400\">Cette solidarit\u00e9 doit s\u2019\u00e9tendre au-del\u00e0 de notre cercle d\u2019\u00e9tudiants et inclure toute l\u2019humanit\u00e9. Telle est la mission que les kabbalistes se sont fix\u00e9s en d\u00e9sirant promouvoir ce savoir car les valeurs de la Kabbales sont universelles et avant tout humaines.<\/span><\/p>\n<p><span style=\"font-weight: 400\">Bnei Baruch \u0153uvre pour continuer le chemin qu\u2019ont trac\u00e9 de tr\u00e8s grands kabbalistes, tels que le Ari, le Baal Shem Tov, le Rav Kook et le Baal HaSoulam, en diffusant et partageant cette sagesse au sein du peuple d\u2019Isra\u00ebl et dans le monde entier sans aucune limitation quelle qu\u2019elle soit.<\/span><\/p>\n","protected":false},"excerpt":{"rendered":"<p>Je vous invite \u00e0 participer au congr\u00e8s annuel de Kabbale qui se tiendra au Parc des Expositions de Tel-Aviv du 19 au 21 f\u00e9vrier 2019. Au cours de ces trois jours, plus de 7000 personnes, de toutes confessions venant du<span class=\"ellipsis\">&hellip;<\/span><\/p>\n<div class=\"read-more\"><a href=\"https:\/\/www.michaellaitman.com\/fr\/news\/congres-international-de-kabbale\/\">Lire la suite &#8250;<\/a><\/div>\n<p><!-- end of .read-more --><\/p>\n","protected":false},"author":1,"featured_media":0,"comment_status":"open","ping_status":"open","sticky":false,"template":"","format":"standard","meta":{"ngg_post_thumbnail":0,"footnotes":""},"categories":[19,5],"tags":[269,267,268,20,270],"class_list":["post-677","post","type-post","status-publish","format-standard","hentry","category-articles","category-news","tag-bnei-baruch","tag-congres","tag-kabbale","tag-michael-laitman","tag-tel-aviv"],"_links":{"self":[{"href":"https:\/\/www.michaellaitman.com\/fr\/wp-json\/wp\/v2\/posts\/677","targetHints":{"allow":["GET"]}}],"collection":[{"href":"https:\/\/www.michaellaitman.com\/fr\/wp-json\/wp\/v2\/posts"}],"about":[{"href":"https:\/\/www.michaellaitman.com\/fr\/wp-json\/wp\/v2\/types\/post"}],"author":[{"embeddable":true,"href":"https:\/\/www.michaellaitman.com\/fr\/wp-json\/wp\/v2\/users\/1"}],"replies":[{"embeddable":true,"href":"https:\/\/www.michaellaitman.com\/fr\/wp-json\/wp\/v2\/comments?post=677"}],"version-history":[{"count":0,"href":"https:\/\/www.michaellaitman.com\/fr\/wp-json\/wp\/v2\/posts\/677\/revisions"}],"wp:attachment":[{"href":"https:\/\/www.michaellaitman.com\/fr\/wp-json\/wp\/v2\/media?parent=677"}],"wp:term":[{"taxonomy":"category","embeddable":true,"href":"https:\/\/www.michaellaitman.com\/fr\/wp-json\/wp\/v2\/categories?post=677"},{"taxonomy":"post_tag","embeddable":true,"href":"https:\/\/www.michaellaitman.com\/fr\/wp-json\/wp\/v2\/tags?post=677"}],"curies":[{"name":"wp","href":"https:\/\/api.w.org\/{rel}","templated":true}]}}