{"id":671,"date":"2019-01-28T13:20:03","date_gmt":"2019-01-28T12:20:03","guid":{"rendered":"http:\/\/www.michaellaitman.com\/fr\/?p=671"},"modified":"2019-02-14T13:37:49","modified_gmt":"2019-02-14T12:37:49","slug":"671","status":"publish","type":"post","link":"https:\/\/www.michaellaitman.com\/fr\/news\/671\/","title":{"rendered":"Davos 2019 : Le Forum a-t-il r\u00e9pondu aux questions relatives \u00e0 notre avenir?"},"content":{"rendered":"<p><span style=\"font-weight: 400\">Cette ann\u00e9e encore, plus de 3 000 personnes parmi les plus riches du monde, dirigeants d\u2019entreprises, d\u00e9cideurs, \u00e9conomistes, et politiciens se sont rendues \u00e0 Davos, en Suisse.<\/span><\/p>\n<div id=\"irc_mimg\"><\/div>\n<p>&nbsp;<\/p>\n<p><span style=\"font-weight: 400\">Dans un climat de morosit\u00e9 sans pr\u00e9c\u00e9dent, alors que la France et les Etats-Unis ont annul\u00e9 leur participation et que l\u2019ancien patron de Renault Nissan, grand fervent des lieux, est actuellement indisponible, le Forum \u00e9conomique mondial a n\u00e9anmoins; dans un esprit de consultation, lui aussi d\u00e9cid\u00e9 de demander l\u2019avis des citoyens et a publi\u00e9 six questions urgentes \u00e0 d\u00e9battre concernant l&rsquo;avenir de l&rsquo;humanit\u00e9. <\/span><\/p>\n<p><span style=\"font-weight: 400\">Le club tr\u00e8s ferm\u00e9 des 1% des personnes les plus riches au monde veut ainsi s&rsquo;assurer que son initiative trouve un accueil favorable aupr\u00e8s des jeunes.<\/span><\/p>\n<p><span style=\"font-weight: 400\">Ironiquement, le public est invit\u00e9 \u00e0 proposer des solutions aux d\u00e9fis que les membres du Forum eux-m\u00eames ont cr\u00e9\u00e9s, mais qu\u2019ils ne savent pas r\u00e9soudre.<\/span><\/p>\n<p><span style=\"font-weight: 400\">Voici mes r\u00e9ponses \u00e0 leurs questions.<\/span><\/p>\n<ol>\n<li><strong> Comment sauver la plan\u00e8te sans entraver la croissance \u00e9conomique ?<\/strong><\/li>\n<\/ol>\n<p><span style=\"font-weight: 400\">Il ne fait aucun doute que nous d\u00e9truisons la plan\u00e8te et nous-m\u00eames. Le paradigme \u00e9conomique actuel ne donne pas la priorit\u00e9 \u00e0 l\u2019\u00e9panouissement personnel, la croissance \u00e9conomique n&rsquo;a donc aucun avenir. Tout d\u2019abord je ne vois pas la \u00ab\u00a0croissance\u00a0\u00bb comme un objectif en soi.<\/span><\/p>\n<p><span style=\"font-weight: 400\">L&rsquo;avenir de notre plan\u00e8te et de tous ceux qui s&rsquo;y trouvent d\u00e9pend de la n\u00e9cessit\u00e9 de repenser enti\u00e8rement l&rsquo;objectif de notre \u00e9conomie. <\/span><\/p>\n<p><span style=\"font-weight: 400\">Nous devons initier un changement fondamental de valeurs : Passer de la course \u00e0 la richesse \u00e0 la d\u00e9couverte de la source du bonheur durable.<\/span><\/p>\n<p><span style=\"font-weight: 400\">Ensuite, penser \u00e0 la croissance comme \u00e0 une hausse du PIB serait totalement hors de propos, puisque le r\u00f4le de l&rsquo;\u00e9conomie sera de nous aider \u00e0 nous concentrer sur l&rsquo;\u00e9tablissement de relations positives. En contrepartie, nous aurons de nouvelles d\u00e9finitions et mesures pour la \u00ab\u00a0croissance\u00a0\u00bb, et elles n&rsquo;entreront pas en conflit avec la survie de notre plan\u00e8te.<\/span><\/p>\n<ol start=\"2\">\n<li><strong> Pouvez-vous \u00eatre un patriote et un citoyen du monde ?<\/strong><\/li>\n<\/ol>\n<p><span style=\"font-weight: 400\">Dans un avenir proche, ce ne sera plus un probl\u00e8me. Nous nous dirigeons vers une \u00e8re d&rsquo;interd\u00e9pendance mondiale, o\u00f9 le bien-\u00eatre de chaque nation est directement influenc\u00e9 par celui de toutes les autres nations.<\/span><\/p>\n<p><span style=\"font-weight: 400\">Comme l&rsquo;\u00e9crivait le kabbaliste Y\u00e9houda Ashlag dans son article <\/span><i><span style=\"font-weight: 400\">La paix dans le monde<\/span><\/i><span style=\"font-weight: 400\"> \u201ccar nous sommes en fait arriv\u00e9s \u00e0 un stade o\u00f9 le monde entier est consid\u00e9r\u00e9 comme un seul groupe, une soci\u00e9t\u00e9 unique. Cela signifie que puisque chaque personne tire la quintessence de sa vie et son gagne-pain de l\u2019humanit\u00e9, elle est contrainte de contribuer au bien-\u00eatre du monde entier et d\u2019en prendre soin.\u00a0\u00bb<\/span><\/p>\n<p><span style=\"font-weight: 400\">En d&rsquo;autres termes, l&rsquo;interd\u00e9pendance de l&rsquo;humanit\u00e9 est \u00e9volutive et in\u00e9vitable. Elle nous montrera clairement qu&rsquo;\u00eatre patriote, c&rsquo;est se soucier des int\u00e9r\u00eats de l&rsquo;humanit\u00e9 tout enti\u00e8re, car aucune nation ne sera en mesure de d\u00e9fendre ses int\u00e9r\u00eats autrement.<\/span><\/p>\n<p><span style=\"font-weight: 400\">\u00catre des citoyens du monde ne signifie pas que tout le monde devrait \u00eatre pareil. Cela signifie que le bien-\u00eatre de chacun est d&rsquo;\u00e9gale importance.<\/span><\/p>\n<ol start=\"3\">\n<li><strong> \u00c0 quoi devrait ressembler le travail dans l&rsquo;avenir ?<\/strong><\/li>\n<\/ol>\n<p><span style=\"font-weight: 400\">Imaginez le sc\u00e9nario suivant : Vous commandez un produit via un ordinateur. Ce dernier envoie votre commande \u00e0 un robot qui la fait suivre \u00e0 une autre machine qui le produit et une autre machine le livre chez vous.<\/span><\/p>\n<p><span style=\"font-weight: 400\">Il s\u2019av\u00e8re ainsi qu\u2019il y aura tr\u00e8s peu de place pour le travail humain dans l&rsquo;avenir. La question n&rsquo;est pas de savoir si cela va se produire, mais \u00e0 quelle vitesse. <\/span><\/p>\n<p><span style=\"font-weight: 400\">Par cons\u00e9quent, pour \u00e9valuer correctement l&rsquo;avenir du travail, nous devons une fois de plus changer d&rsquo;\u00e9tat d&rsquo;esprit et nous demander en premier lieu \u00e0 quoi sert le travail.<\/span><\/p>\n<p><span style=\"font-weight: 400\">Lorsque nous prenons du recul vis \u00e0 vis des concepts de production et de consommation cycliques et passons \u00e0 un concept d&rsquo;\u00e9quilibre avec la nature et des liens entre les gens, la notion du travail changera in\u00e9vitablement. <\/span><\/p>\n<p><span style=\"font-weight: 400\">En d&rsquo;autres termes, la plupart des emplois qui recruteront dans l&rsquo;avenir seront ceux qui encouragent les relations humaines entre les familles, les communaut\u00e9s, les soci\u00e9t\u00e9s, etc.<\/span><\/p>\n<ol start=\"4\">\n<li><strong> Comment faire en sorte que la technologie am\u00e9liore la vie, et non l&rsquo;inverse ?<\/strong><\/li>\n<\/ol>\n<p><span style=\"font-weight: 400\">L&rsquo;impact positif ou n\u00e9gatif de la technologie d\u00e9pend \u00e0 100 % de l\u2019usage que nous en faisons. Pour cela nous devons apprendre et accepter notre interd\u00e9pendance, sentir que nous faisons tous partie d&rsquo;un seul syst\u00e8me interconnect\u00e9.<\/span><\/p>\n<p><span style=\"font-weight: 400\">Si l\u2019\u00e9conomie est entre les mains de personnes \u00e9gocentriques et \u00e9troites d&rsquo;esprit, elles cr\u00e9eront une technologie qui facilitera l&rsquo;autodestruction. A l\u2019inverse des personnes conscientes de l\u2019importance de l\u2019interconnexion cr\u00e9eront une technologie qui contribuera \u00e0 l&rsquo;humanit\u00e9 tout enti\u00e8re. C&rsquo;est aussi simple que \u00e7a.<\/span><\/p>\n<p><span style=\"font-weight: 400\">Par cons\u00e9quent, l&rsquo;avenir de la technologie repose enti\u00e8rement sur le changement de nos valeurs. <\/span><\/p>\n<ol start=\"5\">\n<li><strong> Comment cr\u00e9er une \u00e9conomie plus juste ?<\/strong><\/li>\n<\/ol>\n<p><span style=\"font-weight: 400\">Les discussions qui ont eu lieu \u00e0 Davos n\u2019ont certainement pas contribu\u00e9 \u00e0 rendre l&rsquo;\u00e9conomie plus juste. Au contraire, elles n\u2019ont fait qu&#8217;empirer les choses. Dans une \u00e9conomie qui sert si bien le 1%, ce dernier fera tout pour que cela reste tel quel.<\/span><\/p>\n<p><span style=\"font-weight: 400\">Voici une proposition pragmatique : introduisons un nouvel \u00ab\u00a0imp\u00f4t plan\u00e9taire\u00a0\u00bb de 20% sur la richesse totale d\u00e9tenue par les entreprises, par les magnats. Les \u00a0gouvernements pourraient alors mettre en place un programme \u00e9ducatif afin d\u2019apprendre \u00e0 tous les peuples \u00e0 vivre dans un monde interd\u00e9pendant et global.<\/span><\/p>\n<p><span style=\"font-weight: 400\">Sans un tel programme d&rsquo;\u00e9ducation, nous nous battrons de plus en plus entre nous \u00e0 cause de l&rsquo;in\u00e9galit\u00e9, de l&rsquo;injustice, de l\u2019extr\u00e9misme politique et social, et plus encore. Tout ceci peut mener \u00e0 une fracture sociale nationale voire pire, \u00e0 des conflits mondiaux.<\/span><\/p>\n<p><span style=\"font-weight: 400\">Le co\u00fbt de mise en \u0153uvre d&rsquo;un tel programme \u00e9ducatif mondial ne serait pas tr\u00e8s \u00e9lev\u00e9, et c&rsquo;est l&rsquo;investissement le plus s\u00fbr pour l&rsquo;avenir. Le reste des fonds devrait \u00eatre investi dans la cr\u00e9ation des conditions n\u00e9cessaires \u00e0 des conditions de vie d\u00e9centes dans les r\u00e9gions sous-d\u00e9velopp\u00e9es, une solution bien meilleure que la migration massive.<\/span><\/p>\n<p><span style=\"font-weight: 400\">Les \u00e9lites sont tr\u00e8s conscientes que la r\u00e9duction des in\u00e9galit\u00e9s profitera \u00e0 l&rsquo;\u00e9conomie en g\u00e9n\u00e9ral et \u00e0 leurs statuts en particulier. Et pourtant, m\u00eame lorsque la raison comprend, le coeur ne l\u2019admet pas. Leur ego ne les laisse pas mettre leur main \u00e0 la poche pour donner une partie de leur richesse aux 99%.<\/span><\/p>\n<p><span style=\"font-weight: 400\">Pour les tr\u00e8s riches, l&rsquo;argent est beaucoup plus que le pouvoir d&rsquo;achat. C&rsquo;est un puissant accomplissement personnel &#8211; l&rsquo;\u00e9panouissement \u201cspirituel\u201d de leur ego. La seule chose qui puisse les convaincre de travailler \u00e0 la cr\u00e9ation d&rsquo;une \u00e9conomie plus \u00e9quitable est un changement des valeurs sociales.<\/span><\/p>\n<p><span style=\"font-weight: 400\">Les \u00eatres humains sont des cr\u00e9atures sociales et m\u00eame les tr\u00e8s riches ne peuvent y \u00e9chapper. Si notre soci\u00e9t\u00e9 consid\u00e9rait la mat\u00e9rialit\u00e9 comme purement fonctionnelle et appr\u00e9ciait la contribution de tout un chacun, les gens commenceraient \u00e0 avoir honte de leur comportement. <\/span><\/p>\n<ol start=\"6\">\n<li><strong> Comment faire en sorte que les pays collaborent mieux ?<\/strong><\/li>\n<\/ol>\n<p><span style=\"font-weight: 400\">Malheureusement cela ne peut pas se faire tout de suite. De nos jours, la nature pousse le monde vers un niveau d&rsquo;int\u00e9gration plus \u00e9lev\u00e9, fond\u00e9 sur un sens profond et authentique des relations humaines, plut\u00f4t que sur des int\u00e9r\u00eats personnels ou nationaux.<\/span><\/p>\n<p><span style=\"font-weight: 400\">Par cons\u00e9quent, toute forme d&rsquo;union que nous essaierons de faire \u00e9chouera. Si vous pr\u00e9f\u00e9rez, nous nous dirigeons vers une sorte de \u00ab\u00a0Brexit\u00a0\u00bb mondial. <\/span><\/p>\n<p><span style=\"font-weight: 400\">Dans un avenir proche, je vois que les pays chercheront de plus en plus \u00e0 renforcer leurs fronti\u00e8res et \u00e0 \u00e9tablir le protectionnisme, en ce sens, Trump ouvre la voie \u00e0 de nombreux autres dirigeants.<\/span><\/p>\n<p><span style=\"font-weight: 400\">Le fondateur du Forum \u00e9conomique mondial, Klaus Schwab, avait raison d&rsquo;avertir que \u00ab\u00a0ne pas adopter une nouvelle approche coop\u00e9rative serait une trag\u00e9die pour l&rsquo;humanit\u00e9\u00a0\u00bb<\/span><\/p>\n<p><span style=\"font-weight: 400\">Cependant, adopter une telle approche signifierait que nous devons changer, nous les hommes ni plus ni moins. Pour y parvenir nous devons faire que notre <\/span><span style=\"font-weight: 400\">raison ne contrarie plus le c\u0153ur, et le persuade que seule la coop\u00e9ration est la solution \u00e0 tous nos probl\u00e8mes.<\/span><\/p>\n<p>&nbsp;<\/p>\n","protected":false},"excerpt":{"rendered":"<p>Cette ann\u00e9e encore, plus de 3 000 personnes parmi les plus riches du monde, dirigeants d\u2019entreprises, d\u00e9cideurs, \u00e9conomistes, et politiciens se sont rendues \u00e0 Davos, en Suisse. &nbsp; Dans un climat de morosit\u00e9 sans pr\u00e9c\u00e9dent, alors que la France et<span class=\"ellipsis\">&hellip;<\/span><\/p>\n<div class=\"read-more\"><a href=\"https:\/\/www.michaellaitman.com\/fr\/news\/671\/\">Lire la suite &#8250;<\/a><\/div>\n<p><!-- end of .read-more --><\/p>\n","protected":false},"author":1,"featured_media":0,"comment_status":"open","ping_status":"open","sticky":false,"template":"","format":"standard","meta":{"ngg_post_thumbnail":0,"footnotes":""},"categories":[19,5],"tags":[253,252,256,254,255,257],"class_list":["post-671","post","type-post","status-publish","format-standard","hentry","category-articles","category-news","tag-davons20149","tag-davos","tag-forum-economique","tag-globalisation-4-0","tag-mondialisation4-0","tag-suisse"],"_links":{"self":[{"href":"https:\/\/www.michaellaitman.com\/fr\/wp-json\/wp\/v2\/posts\/671","targetHints":{"allow":["GET"]}}],"collection":[{"href":"https:\/\/www.michaellaitman.com\/fr\/wp-json\/wp\/v2\/posts"}],"about":[{"href":"https:\/\/www.michaellaitman.com\/fr\/wp-json\/wp\/v2\/types\/post"}],"author":[{"embeddable":true,"href":"https:\/\/www.michaellaitman.com\/fr\/wp-json\/wp\/v2\/users\/1"}],"replies":[{"embeddable":true,"href":"https:\/\/www.michaellaitman.com\/fr\/wp-json\/wp\/v2\/comments?post=671"}],"version-history":[{"count":0,"href":"https:\/\/www.michaellaitman.com\/fr\/wp-json\/wp\/v2\/posts\/671\/revisions"}],"wp:attachment":[{"href":"https:\/\/www.michaellaitman.com\/fr\/wp-json\/wp\/v2\/media?parent=671"}],"wp:term":[{"taxonomy":"category","embeddable":true,"href":"https:\/\/www.michaellaitman.com\/fr\/wp-json\/wp\/v2\/categories?post=671"},{"taxonomy":"post_tag","embeddable":true,"href":"https:\/\/www.michaellaitman.com\/fr\/wp-json\/wp\/v2\/tags?post=671"}],"curies":[{"name":"wp","href":"https:\/\/api.w.org\/{rel}","templated":true}]}}