{"id":668,"date":"2019-01-27T09:00:49","date_gmt":"2019-01-27T08:00:49","guid":{"rendered":"http:\/\/www.michaellaitman.com\/fr\/?p=668"},"modified":"2019-02-14T13:40:28","modified_gmt":"2019-02-14T12:40:28","slug":"quel-devoir-de-memoire-pour-la-journee-internationale-dediee-aux-victimes-de-la-shoah","status":"publish","type":"post","link":"https:\/\/www.michaellaitman.com\/fr\/news\/quel-devoir-de-memoire-pour-la-journee-internationale-dediee-aux-victimes-de-la-shoah\/","title":{"rendered":"A la crois\u00e9e des chemins- 70 ans apr\u00e8s"},"content":{"rendered":"<p>En cette journ\u00e9e de comm\u00e9moration des victimes de la Shoah, faisons un \u00e9tat des lieux de ce qui nous reste de la m\u00e9moire collective de l\u2019Histoire, qu\u2019en avons-nous vraiment appris?<\/p>\n<p style=\"font-size: 24px;margin-bottom: 30px;text-align: justify\">Malgr\u00e9 les mesures prises afin que cela ne se reproduise plus jamais, aujourd\u2019hui 70 ans apr\u00e8s, nous voyons que leur port\u00e9e est relative, voire plus que relative vu les actualit\u00e9s de ces derni\u00e8res ann\u00e9es, au point o\u00f9 il nous faut constater ce que personne ne veut admettre \u00e0 haute voix; \u00e0 savoir que le monde est revenu aux ann\u00e9es trente.<\/p>\n<p style=\"font-size: 24px;margin-bottom: 30px;text-align: justify\">Ce n\u2019est pas tant la mont\u00e9e des crimes antis\u00e9mites (en forte hausse) qui inqui\u00e8te, mais plut\u00f4t la r\u00e9action d\u2019indiff\u00e9rence ou la remarque \u201cils l\u2019ont bien cherch\u00e9\u201d.<\/p>\n<p style=\"font-size: 24px;margin-bottom: 40px;text-align: justify\">Il semble que tout ceci soit le pr\u00e9sage d\u2019un nouveau cycle de la diabolisation du Juif et d&rsquo;Isra\u00ebl.<\/p>\n<h2>Comment comprendre cette haine qui ne s\u2019arr\u00eate jamais ?<\/h2>\n<p style=\"font-size: 24px;margin-bottom: 30px;text-align: justify\">Le peuple Juif est d\u00e9positaire d\u2019un savoir qu\u2019il doit transmettre au monde.<\/p>\n<p style=\"font-size: 24px;margin-bottom: 30px;text-align: justify\">Ce savoir est r\u00e9sum\u00e9 par Rabbi Akiva : \u201ctu aimeras ton prochain comme toi-m\u00eame, c\u2019est la grande r\u00e8gle de la Torah.\u201d<\/p>\n<p style=\"font-size: 24px;margin-bottom: 30px;text-align: justify\">Aussi clich\u00e9 que cela puisse para\u00eetre, c\u2019est bien l\u00e0 le fondement de notre sagesse.<\/p>\n<p style=\"font-size: 24px;margin-bottom: 30px;text-align: justify\">Et cette sagesse implique une responsabilit\u00e9, celle de transmettre.<\/p>\n<p style=\"font-size: 24px;margin-bottom: 30px;text-align: justify\">Une m\u00e9thode pour apprendre \u00e0 vivre-ensemble &#8211; malgr\u00e9 les diff\u00e9rences, malgr\u00e9 les querelles communautaires, politiques ou religieuses, malgr\u00e9 tout ce qui nous s\u00e9pare, rester solidaire les uns des autres, comme il est \u00e9crit \u201cTout Isra\u00ebl est solidaire de chacun de ses membres.\u201d (Sanh\u00e9drin 27, 2, Shavouot 39)<\/p>\n<p style=\"font-size: 24px;margin-bottom: 30px;text-align: justify\">Or, cette solidarit\u00e9 entre nous, il nous faut aujourd\u2019hui l\u2019\u00e9tendre au reste du monde comme ceci est mentionn\u00e9 dans le Zohar, le Midrash et dans d\u2019autres textes.<\/p>\n<p style=\"font-size: 24px;margin-bottom: 30px;text-align: justify\">Cette solidarit\u00e9 envers le monde c\u2019est de lui enseigner \u00e0 vivre ensemble en d\u00e9pit des d\u00e9saccords et des diff\u00e9rences.<\/p>\n<p style=\"font-size: 24px;margin-bottom: 30px;text-align: justify\">Le fait de ne pas transmettre cette m\u00e9thode permettant le vivre-ensemble, dont nous sommes d\u00e9positaires, est la cause de la haine qu\u2019\u00e9prouvent les nations envers le peuple juif.<\/p>\n<p style=\"font-size: 24px;margin-bottom: 30px;text-align: justify\">Accus\u00e9s de tous les maux, que ce soit la contamination des eaux ou le contr\u00f4le des banques et des m\u00e9dias, les reproches, justifi\u00e9s ou non, ne manquent pas malgr\u00e9 les nombreuses contributions \u00e0 la science, \u00e0 la culture, et \u00e0 la soci\u00e9t\u00e9 en g\u00e9n\u00e9ral.<\/p>\n<h2>Le monde attend des Juifs autre chose que le progr\u00e8s technologique.<\/h2>\n<p style=\"font-size: 24px;margin-bottom: 30px;text-align: justify\">J\u2019ai bien conscience que rien de tout cela ne semble r\u00e9aliste, encore moins attrayant, en effet, qui voudrait d\u2019une telle responsabilit\u00e9? Qui plus est, cela ne semble pas \u00e0 la port\u00e9e de tous.<\/p>\n<p style=\"font-size: 24px;margin-bottom: 30px;text-align: justify\">N\u00e9anmoins, si chacun y pensait un tant soit peu, il verrait qu\u2019il dispose en lui d\u2019un potentiel inexploit\u00e9 qui servirait au monde.<\/p>\n<p style=\"font-size: 24px;margin-bottom: 30px;text-align: justify;font-weight: bold\">Je veux croire que chacun trouvera en lui les forces de se rappeler de son v\u00e9ritable devoir de m\u00e9moire : qui il est, et ce que le monde attend de lui.<\/p>\n","protected":false},"excerpt":{"rendered":"<p>En cette journ\u00e9e de comm\u00e9moration des victimes de la Shoah, faisons un \u00e9tat des lieux de ce qui nous reste de la m\u00e9moire collective de l\u2019Histoire, qu\u2019en avons-nous vraiment appris? Malgr\u00e9 les mesures prises afin que cela ne se reproduise<span class=\"ellipsis\">&hellip;<\/span><\/p>\n<div class=\"read-more\"><a href=\"https:\/\/www.michaellaitman.com\/fr\/news\/quel-devoir-de-memoire-pour-la-journee-internationale-dediee-aux-victimes-de-la-shoah\/\">Lire la suite &#8250;<\/a><\/div>\n<p><!-- end of .read-more --><\/p>\n","protected":false},"author":46,"featured_media":0,"comment_status":"open","ping_status":"open","sticky":false,"template":"","format":"standard","meta":{"ngg_post_thumbnail":0,"footnotes":""},"categories":[19,5],"tags":[251,245,250,249,244,243,248,247,242,246],"class_list":["post-668","post","type-post","status-publish","format-standard","hentry","category-articles","category-news","tag-6-millions-de-morts","tag-antisemitisme","tag-camp-dextermination","tag-camp-de-concentration","tag-genocide-juif","tag-holocauste","tag-israel","tag-lutte-contre-la-haine","tag-shoah","tag-souvenir"],"_links":{"self":[{"href":"https:\/\/www.michaellaitman.com\/fr\/wp-json\/wp\/v2\/posts\/668","targetHints":{"allow":["GET"]}}],"collection":[{"href":"https:\/\/www.michaellaitman.com\/fr\/wp-json\/wp\/v2\/posts"}],"about":[{"href":"https:\/\/www.michaellaitman.com\/fr\/wp-json\/wp\/v2\/types\/post"}],"author":[{"embeddable":true,"href":"https:\/\/www.michaellaitman.com\/fr\/wp-json\/wp\/v2\/users\/46"}],"replies":[{"embeddable":true,"href":"https:\/\/www.michaellaitman.com\/fr\/wp-json\/wp\/v2\/comments?post=668"}],"version-history":[{"count":2,"href":"https:\/\/www.michaellaitman.com\/fr\/wp-json\/wp\/v2\/posts\/668\/revisions"}],"predecessor-version":[{"id":683,"href":"https:\/\/www.michaellaitman.com\/fr\/wp-json\/wp\/v2\/posts\/668\/revisions\/683"}],"wp:attachment":[{"href":"https:\/\/www.michaellaitman.com\/fr\/wp-json\/wp\/v2\/media?parent=668"}],"wp:term":[{"taxonomy":"category","embeddable":true,"href":"https:\/\/www.michaellaitman.com\/fr\/wp-json\/wp\/v2\/categories?post=668"},{"taxonomy":"post_tag","embeddable":true,"href":"https:\/\/www.michaellaitman.com\/fr\/wp-json\/wp\/v2\/tags?post=668"}],"curies":[{"name":"wp","href":"https:\/\/api.w.org\/{rel}","templated":true}]}}