{"id":638,"date":"2015-01-16T12:32:10","date_gmt":"2015-01-16T11:32:10","guid":{"rendered":"http:\/\/www.michaellaitman.com\/fr\/?p=638"},"modified":"2026-01-14T21:48:52","modified_gmt":"2026-01-14T20:48:52","slug":"lattaque-terroriste-en-france-tentative-faire-tomber-ses-valeurs","status":"publish","type":"post","link":"https:\/\/www.michaellaitman.com\/fr\/news\/lattaque-terroriste-en-france-tentative-faire-tomber-ses-valeurs\/","title":{"rendered":"L&rsquo;attaque terroriste en France: Une tentative de faire tomber ses valeurs"},"content":{"rendered":"<p style=\"font: 13px\/19px Georgia, 'Times New Roman', 'Bitstream Charter', Times, serif;color: #333333;text-indent: 0px;letter-spacing: normal\">Article publi\u00e9 dans <a href=\"https:\/\/www.google.com\/url?q=http:\/\/blogs.timesofisrael.com\/terrorist-attacks-in-france-attempt-on-its-foundations\/&amp;sa=U&amp;ei=a9vNVPvqKsnnUtOegZAP&amp;ved=0CAwQFjADOAo&amp;client=internal-uds-cse&amp;usg=AFQjCNFS0S9-0u6mxPDGBWvo_3RFAUV_ww\">Times Of Israel.<\/a><\/p>\n<p style=\"font: 13px\/19px Georgia, 'Times New Roman', 'Bitstream Charter', Times, serif;color: #333333;text-indent: 0px;letter-spacing: normal\"><strong>Les r\u00e9cents attentats terroristes en France mettent clairement en \u00e9vidence le probl\u00e8me qui a envahi le monde entier, mais il est particuli\u00e8rement aigu en Europe<\/strong>. J&rsquo;en parle \u00a0depuis de nombreuses ann\u00e9es.\u00a0Quand il\u00a0ne touchait que les Juifs, l&rsquo;Europe a n\u00e9glig\u00e9 le probl\u00e8me. Les attaques contre les Juifs semblent \u00eatre \u00abjustifiables\u00bb.<\/p>\n<p style=\"font: 13px\/19px Georgia, 'Times New Roman', 'Bitstream Charter', Times, serif;color: #333333;text-indent: 0px;letter-spacing: normal\">Par contre, quand il s&rsquo;agit des fondements m\u00eames de la soci\u00e9t\u00e9, les principes de la R\u00e9publique fran\u00e7aise, alors tout le monde se sent concern\u00e9. Ce est pourquoi des millions de personnes se sont \u00a0\u00ab\u00a0r\u00e9veill\u00e9es\u00a0\u00bb et sont descendues\u00a0dans les rues.<\/p>\n<p style=\"font: 13px\/19px Georgia, 'Times New Roman', 'Bitstream Charter', Times, serif;color: #333333;text-indent: 0px;letter-spacing: normal\">En effet, la libert\u00e9 est n\u00e9e en France pendant la R\u00e9volution: la libert\u00e9 d&rsquo;expression, la libert\u00e9 du culte, et la libert\u00e9 de choix. Ce sont les caract\u00e9ristiques\u00a0d&rsquo;une personne libre, les fondements de la soci\u00e9t\u00e9 fran\u00e7aise, dont elle est tr\u00e8s fi\u00e8re.<\/p>\n<p style=\"font: 13px\/19px Georgia, 'Times New Roman', 'Bitstream Charter', Times, serif;color: #333333;text-indent: 0px;letter-spacing: normal\">Cependant, la libert\u00e9, comme tout ph\u00e9nom\u00e8ne dans le monde, peut\u00a0\u00eatre \u00e0 double tranchant: la joie et de peine. Par exemple, il est estim\u00e9\u00a0que la proportion de la population musulmane dans le pays, selon certaines sonsages\u00a0est proche de 10% voire d\u00e9j\u00e0 plus.<\/p>\n<p style=\"font: 13px\/19px Georgia, 'Times New Roman', 'Bitstream Charter', Times, serif;color: #333333;text-indent: 0px;letter-spacing: normal\">Dans le m\u00eame temps, le monde\u00a0musulmant se se radicalise de plus en plus et implique des citoyens fran\u00e7ais de souche dans son environnement. Certains d&rsquo;entre deux sont convertis \u00e0 l&rsquo;islam et m\u00eame ont\u00a0des liens avec des organisations terroristes, et certains vont au Moyen-Orient\u00a0se battre pour l&rsquo;EI.<\/p>\n<p style=\"font: 13px\/19px Georgia, 'Times New Roman', 'Bitstream Charter', Times, serif;color: #333333;text-indent: 0px;letter-spacing: normal\">Par cons\u00e9quent, il est naturel que l&rsquo;attaque contre\u00a0le journal ait s\u00e9rieusement \u00e9mu les gens. Dans le c\u0153ur de tous les Fran\u00e7ais il y a la\u00a0libert\u00e9 d&rsquo;expression, qui, par d\u00e9finition, a une valeur plus \u00e9lev\u00e9e et est devenue une des devises de la R\u00e9publique. Par cons\u00e9quent, ce coup est all\u00e9 droit au c\u0153ur de la France, et a profond\u00e9ment touch\u00e9 les gens<\/p>\n<p style=\"font: 13px\/19px Georgia, 'Times New Roman', 'Bitstream Charter', Times, serif;color: #333333;text-indent: 0px;letter-spacing: normal\">Bien s\u00fbr, certains vont d\u00e9fendre la libert\u00e9 d&rsquo;expression, tandis que d&rsquo;autres feront appel aux restrictions qui diminueront la\u00a0valeur de certaines mesures prises. N\u00e9anmoins, le pays est choqu\u00e9 non seulement par de nombreuses victimes, mais aussi par l&rsquo;attaque contre\u00a0ses valeurs.<\/p>\n<p style=\"font: 13px\/19px Georgia, 'Times New Roman', 'Bitstream Charter', Times, serif;color: #333333;text-indent: 0px;letter-spacing: normal\">\n","protected":false},"excerpt":{"rendered":"<p>Article publi\u00e9 dans Times Of Israel. Les r\u00e9cents attentats terroristes en France mettent clairement en \u00e9vidence le probl\u00e8me qui a envahi le monde entier, mais il est particuli\u00e8rement aigu en Europe. J&rsquo;en parle \u00a0depuis de nombreuses ann\u00e9es.\u00a0Quand il\u00a0ne touchait que<span class=\"ellipsis\">&hellip;<\/span><\/p>\n<div class=\"read-more\"><a href=\"https:\/\/www.michaellaitman.com\/fr\/news\/lattaque-terroriste-en-france-tentative-faire-tomber-ses-valeurs\/\">Lire la suite &#8250;<\/a><\/div>\n<p><!-- end of .read-more --><\/p>\n","protected":false},"author":46,"featured_media":0,"comment_status":"open","ping_status":"open","sticky":false,"template":"","format":"standard","meta":{"ngg_post_thumbnail":0,"footnotes":""},"categories":[5],"tags":[],"class_list":["post-638","post","type-post","status-publish","format-standard","hentry","category-news"],"_links":{"self":[{"href":"https:\/\/www.michaellaitman.com\/fr\/wp-json\/wp\/v2\/posts\/638","targetHints":{"allow":["GET"]}}],"collection":[{"href":"https:\/\/www.michaellaitman.com\/fr\/wp-json\/wp\/v2\/posts"}],"about":[{"href":"https:\/\/www.michaellaitman.com\/fr\/wp-json\/wp\/v2\/types\/post"}],"author":[{"embeddable":true,"href":"https:\/\/www.michaellaitman.com\/fr\/wp-json\/wp\/v2\/users\/46"}],"replies":[{"embeddable":true,"href":"https:\/\/www.michaellaitman.com\/fr\/wp-json\/wp\/v2\/comments?post=638"}],"version-history":[{"count":1,"href":"https:\/\/www.michaellaitman.com\/fr\/wp-json\/wp\/v2\/posts\/638\/revisions"}],"predecessor-version":[{"id":794,"href":"https:\/\/www.michaellaitman.com\/fr\/wp-json\/wp\/v2\/posts\/638\/revisions\/794"}],"wp:attachment":[{"href":"https:\/\/www.michaellaitman.com\/fr\/wp-json\/wp\/v2\/media?parent=638"}],"wp:term":[{"taxonomy":"category","embeddable":true,"href":"https:\/\/www.michaellaitman.com\/fr\/wp-json\/wp\/v2\/categories?post=638"},{"taxonomy":"post_tag","embeddable":true,"href":"https:\/\/www.michaellaitman.com\/fr\/wp-json\/wp\/v2\/tags?post=638"}],"curies":[{"name":"wp","href":"https:\/\/api.w.org\/{rel}","templated":true}]}}