{"id":529,"date":"2014-09-17T11:18:47","date_gmt":"2014-09-17T11:18:47","guid":{"rendered":"http:\/\/www.michaellaitman.com\/fr\/?p=529"},"modified":"2015-01-26T13:28:43","modified_gmt":"2015-01-26T12:28:43","slug":"solution-crisis-education-globalism","status":"publish","type":"post","link":"https:\/\/www.michaellaitman.com\/fr\/articles\/solution-crisis-education-globalism\/","title":{"rendered":"La solution \u00e0 la crise \u2013 Une \u00e9ducation pour coop\u00e9rer"},"content":{"rendered":"<p><strong>Un coup d\u2019\u0153il rapide aux programmes scolaires traditionnels r\u00e9v\u00e8le ce que nous savons d\u00e9j\u00e0\u00a0: l\u2019\u00e9cole essaye de doter les \u00e9l\u00e8ves d\u2019outils pour leurs \u00e9tudes sup\u00e9rieures dans les universit\u00e9s ou grandes \u00e9coles, mais elle ne les pr\u00e9pare pas \u00e0 la vie.<span id=\"more-992\"><\/span><\/strong><\/p>\n<p><strong>\u00a0<\/strong><\/p>\n<p>De mani\u00e8re g\u00e9n\u00e9rale, les \u00e9coles du monde entier proposent une \u00e9ducation qui est bas\u00e9e sur les besoins qui ont \u00e9t\u00e9 \u00e9tablis dans le contexte de la r\u00e9volution industrielle. Malheureusement, peu de choses ont chang\u00e9 depuis lors, en d\u00e9pit fait que les \u00e9coles sont suppos\u00e9es pr\u00e9parer les enfants \u00e0 la vie du 21<sup><span style=\"font-size: small\">\u00e8me<\/span><\/sup> si\u00e8cle. Qui plus est, non seulement les \u00e9coles trouvent difficiles de pr\u00e9parer les enfants \u00e0 la vie moderne, elles la rendent encore plus difficile en les soumettant \u00e0 une course aux r\u00e9alisations en leur inculquant les notions de comp\u00e9titivit\u00e9 au lieu des pratiques de consid\u00e9ration et de coop\u00e9ration.<\/p>\n<p>Pour \u00e9duquer une g\u00e9n\u00e9ration qui fera sortir le monde des crises, nous devons cr\u00e9er un environnement o\u00f9 chacun d\u2019entre eux sentira et comprendra qu\u2019il est b\u00e9n\u00e9fique de contribuer avec ses qualit\u00e9s personnelles au succ\u00e8s de toute la soci\u00e9t\u00e9. Alors qu\u2019il pourrait paraitre surprenant, l\u2019outil pour le d\u00e9veloppement d\u2019un syst\u00e8me \u00e9ducatif compl\u00e9mentaire existe d\u00e9j\u00e0\u00a0: Internet.<\/p>\n<p>Aujourd\u2019hui la Toile est une r\u00e9alit\u00e9 universelle et est devenue l\u2019environnement naturel des jeunes. Internet a d\u00e9j\u00e0 prouv\u00e9 son habilit\u00e9 \u00e0 encourager les id\u00e9es sociales et culturelles, et \u00e0 motiver les gens \u00e0 agir. Il tire la majorit\u00e9 de sa force de sa neutralit\u00e9, collectivit\u00e9 et interactivit\u00e9 qu\u2019il permet, mais aussi essentiellement de la puissance qu\u2019il octroie aux surfeurs du web.<\/p>\n<p>Comme nous avons \u00e9tabli un syst\u00e8me \u00e9ducatif qui \u00e9tait destin\u00e9 \u00e0 pr\u00e9parer nos enfants pour la vie dans le monde, nous devons \u00e0 pr\u00e9sent y ajouter une \u00e9ducation compl\u00e9mentaire \u2013 un environnement interactif en ligne qui encourage des valeurs telles que l\u2019union, la coop\u00e9ration, et le respect d\u2019autrui pour surmonter l\u2019ali\u00e9nation et la s\u00e9paration qui assujettissent lourdement notre monde.<\/p>\n<p>D\u00e8s l\u2019enfance, une personne doit savoir que son ego, qui est\u00a0 le d\u00e9sir de se r\u00e9jouir aux d\u00e9pens des autres, est la cause essentielle de toute la souffrance qui existe dans le monde adulte. Nous devons prouver aux enfants \u00e0 l\u2019aide d\u2019activit\u00e9s vari\u00e9es, comment les relations de consid\u00e9ration mutuelle, tol\u00e9rance et compr\u00e9hension mutuelle am\u00e9lioreront consid\u00e9rablement leurs vies et la n\u00f4tre, tout comme les relations \u00e9quilibr\u00e9es et harmonieuses dans la nature ont facilit\u00e9 l\u2019existence de la vie et la survie de notre esp\u00e8ces jusqu\u2019\u00e0 nos jours.<\/p>\n<p>Qui plus est, tout comme les fondateurs des psychologies comportementales et sociales l\u2019ont d\u00e9montr\u00e9 et comme les \u00e9tudes contemporaines en sciences sociales l\u2019indiquent, l\u2019\u00e9l\u00e9ment d\u00e9cisif dans la formation de la personnalit\u00e9 et du comportement de l\u2019homme est son environnement social. Parce que la jeune g\u00e9n\u00e9ration passe la plupart de son temps sur Internet, il est n\u00e9cessaire de cr\u00e9er pour eux une plateforme positive qui offrira une alternative aux valeurs individualistes et narcissiques actuellement encourag\u00e9es sur la Toile.<\/p>\n<p>De l\u2019exp\u00e9rience du travail avec des groupes d\u2019enfants du monde entier, nous voyons une preuve convaincante que seul le moyen d\u2019expression en ligne peut et doit fournir un environnement social satisfaisant et complet,\u00a0 reliant les diff\u00e9rences culturelles, ethniques, sexuelles et raciales et permettant \u00e0 tous les\u00a0 membres de la soci\u00e9t\u00e9 de parvenir \u00e0 une int\u00e9gration compl\u00e8te et \u00e0 un soutien mutuel.<\/p>\n<p>Nous sommes certains qu\u2019en familiarisant les enfants aux complexit\u00e9s de la vie dans un monde global par les jeux, vid\u00e9os clip, discussions et des interactions directes, nous pouvons atteindre un changement global historique et si nous r\u00e9ussissons \u00e0 \u00e9lever ainsi une g\u00e9n\u00e9ration, nous aurons alors commenc\u00e9 une correction qui sera b\u00e9n\u00e9fique aux futures g\u00e9n\u00e9rations.<\/p>\n<p><strong>Etapes pratiques (comme pr\u00e9sent\u00e9es \u00e0 Irina Bokova, Directrice G\u00e9n\u00e9rale de l\u2019UNESCO, lors d\u2019une rencontre qui s\u2019est tenue le 2 f\u00e9vrier 2011 \u00e0 Paris.)\u00a0:<\/strong><\/p>\n<ul>\n<li><strong>\u00a0<\/strong>Premi\u00e8re \u00e9tape\u00a0: nous proposons de tenir une conf\u00e9rence sp\u00e9ciale de l\u2019UNESCO intitul\u00e9e \u00ab\u00a0Education virtuelle pour la globalit\u00e9\u00a0\u00bb, \u00e0 laquelle seront invit\u00e9es toutes les personnalit\u00e9s \u00e9minentes du monde entier pour discuter des mesures pratiques pour adapter notre \u00e9ducation \u00e0 faciliter la vie dans une r\u00e9alit\u00e9 int\u00e9grale et globale. La conf\u00e9rence sera retransmise en directe sur le site de l\u2019UNESCO, ainsi que sur le site de L\u2019Institut de Recherche Ashlag (ARI), o\u00f9 elle sera simultan\u00e9ment traduite en plusieurs langues. A la suite de cette conf\u00e9rence, l\u2019UNESCO publiera un livre comprenant plusieurs interventions issues de la conf\u00e9rence et qui seront envoy\u00e9es \u00e0 toutes les organisations \u00e9ducatives priv\u00e9es ou publiques du monde entier, ainsi \u00e0 qu\u2019\u00e0 des donneurs potentiels. Nous avons de l\u2019exp\u00e9rience qui le prouve et les infrastructures pour mettre en \u0153uvre toutes ces id\u00e9es.<\/li>\n<li>Tout en travaillant sur la conf\u00e9rence, nous proposons de commencer un projet commun d\u2019\u00e9tablir un portail internet sur l\u2019\u00e9ducation compl\u00e9mentaire sous les auspices de l\u2019UNESCO, la source essentielle de ce qui sera \u00e0 \u00e9duquer pour la mondialisation.<\/li>\n<li>En tant qu\u2019acteur de ce projet virtuel, l\u2019UNESCO \u00e9tablira un centre d\u2019\u00e9ducation international, sans int\u00e9r\u00eat politique et\/ou \u00e9conomique, pour rassembler les meilleurs cerveaux en sciences sociales et naturelles du monde entier. Ces experts d\u00e9velopperont les informations possibles pour expliquer le nouveau monde dans lequel nous vivons actuellement. Ils collaboreront avec des ing\u00e9nieurs en informatique pour trouver de nouveaux moyens pour v\u00e9hiculer cette information vitale aux enfants (l\u2019annexe de ce document contient les grandes lignes initiales de ce projet).<\/li>\n<li>Tout en construisant le site, nous devons pr\u00e9parer des livres d\u2019\u00e9tude pour enseigner un nouveau champ d\u2019\u00e9tudes que l\u2019UNESCO offrira aux minist\u00e8res de l\u2019\u00e9ducation du monde entier \u2013 Etudes de l\u2019humanit\u00e9 globale. Ces livres donneront aux \u00e9coles et aux enseignants des m\u00e9thodes et des moyens d\u2019enseignement leur permettant d\u2019utiliser le site \u00e0 son potentiel maximum.<\/li>\n<\/ul>\n<p>Telle est notre vision, l\u2019UNESCO peut conduire l\u2019\u00e9tablissement d\u2019un syst\u00e8me d\u2019information dont le monde a besoin. En le r\u00e9alisant, l\u2019UNESCO ne prouvera pas uniquement sa d\u00e9votion au bien-\u00eatre de l\u2019humanit\u00e9 en g\u00e9n\u00e9ral et aux enfants en particulier, mais conduira \u00e9galement l\u2019humanit\u00e9 vers un monde meilleur, resplendissant pour tous.<\/p>\n","protected":false},"excerpt":{"rendered":"<p>Un coup d\u2019\u0153il rapide aux programmes scolaires traditionnels r\u00e9v\u00e8le ce que nous savons d\u00e9j\u00e0\u00a0: l\u2019\u00e9cole essaye de doter les \u00e9l\u00e8ves d\u2019outils pour leurs \u00e9tudes sup\u00e9rieures dans les universit\u00e9s ou grandes \u00e9coles, mais elle ne les pr\u00e9pare pas \u00e0 la vie.<span class=\"ellipsis\">&hellip;<\/span><\/p>\n<div class=\"read-more\"><a href=\"https:\/\/www.michaellaitman.com\/fr\/articles\/solution-crisis-education-globalism\/\">Lire la suite &#8250;<\/a><\/div>\n<p><!-- end of .read-more --><\/p>\n","protected":false},"author":1,"featured_media":0,"comment_status":"open","ping_status":"open","sticky":false,"template":"","format":"standard","meta":{"ngg_post_thumbnail":0,"footnotes":""},"categories":[19],"tags":[],"class_list":["post-529","post","type-post","status-publish","format-standard","hentry","category-articles"],"_links":{"self":[{"href":"https:\/\/www.michaellaitman.com\/fr\/wp-json\/wp\/v2\/posts\/529","targetHints":{"allow":["GET"]}}],"collection":[{"href":"https:\/\/www.michaellaitman.com\/fr\/wp-json\/wp\/v2\/posts"}],"about":[{"href":"https:\/\/www.michaellaitman.com\/fr\/wp-json\/wp\/v2\/types\/post"}],"author":[{"embeddable":true,"href":"https:\/\/www.michaellaitman.com\/fr\/wp-json\/wp\/v2\/users\/1"}],"replies":[{"embeddable":true,"href":"https:\/\/www.michaellaitman.com\/fr\/wp-json\/wp\/v2\/comments?post=529"}],"version-history":[{"count":0,"href":"https:\/\/www.michaellaitman.com\/fr\/wp-json\/wp\/v2\/posts\/529\/revisions"}],"wp:attachment":[{"href":"https:\/\/www.michaellaitman.com\/fr\/wp-json\/wp\/v2\/media?parent=529"}],"wp:term":[{"taxonomy":"category","embeddable":true,"href":"https:\/\/www.michaellaitman.com\/fr\/wp-json\/wp\/v2\/categories?post=529"},{"taxonomy":"post_tag","embeddable":true,"href":"https:\/\/www.michaellaitman.com\/fr\/wp-json\/wp\/v2\/tags?post=529"}],"curies":[{"name":"wp","href":"https:\/\/api.w.org\/{rel}","templated":true}]}}