{"id":527,"date":"2014-09-17T11:15:26","date_gmt":"2014-09-17T11:15:26","guid":{"rendered":"http:\/\/www.michaellaitman.com\/fr\/?p=527"},"modified":"2015-01-26T13:37:15","modified_gmt":"2015-01-26T12:37:15","slug":"letter-influencers-advance-g-20-cannes-summit","status":"publish","type":"post","link":"https:\/\/www.michaellaitman.com\/fr\/articles\/letter-influencers-advance-g-20-cannes-summit\/","title":{"rendered":"Lettre ouverte aux dirigeants du monde lors du sommet du G-20 \u00e0 Cannes"},"content":{"rendered":"<p><strong>l\u2019Institut de recherche ARI a envoy\u00e9 une lettre \u00e0 tous les d\u00e9cideurs, politiciens, \u00e9conomistes et hommes d&rsquo;affaires\u00a0dans le but d&rsquo;initier le dialogue pour trouver une solution aux\u00a0probl\u00e8mes li\u00e9s \u00e0 la crise<\/strong>.<\/p>\n<p>Mesdames, messieurs<\/p>\n<p><span id=\"more-1037\"><\/span>Les r\u00e9percutions de l\u2019escalade de la crise financi\u00e8re mondiale met en p\u00e9ril non seulement la stabilit\u00e9 \u00e9conomique et sociale, mais aussi la question de la p\u00e9rennit\u00e9 des gouvernements dans de nombreux pays. Beaucoup de ceux qui ont perdu leur emploi et\/ou leurs \u00e9conomies commencent \u00e0 perdre la foi en votre capacit\u00e9 en tant que leaders \u00e0 leur apporter une s\u00e9curit\u00e9 financi\u00e8re, voire m\u00eame des solutions viables pour l\u2019avenir. Au c\u0153ur de l\u2019incertitude mondiale, les rassemblements illustr\u00e9s par les divers mouvements de protestation consolent temporairement les m\u00e9contents. Dans le m\u00eame temps, ils cr\u00e9ent une dynamique p\u00e9rilleuse qui s\u2019\u00e9tendra irr\u00e9m\u00e9diablement et intensifiera l\u2019agitation.<\/p>\n<p>Par ailleurs, l\u2019interd\u00e9pendance mondiale et les d\u00e9cennies d\u2019exc\u00e8s \u00e9conomique ont rendu inefficaces les solutions fiscales et mon\u00e9taires classiques. En cons\u00e9quence, la dette nationale augmente implacablement, entravant votre capacit\u00e9 d\u2019offrir continuellement des solutions concr\u00e8tes aux d\u00e9fis sociaux et \u00e9conomiques auxquels nous faisons face.<\/p>\n<p>Dans une telle r\u00e9alit\u00e9, le taux de ch\u00f4mage augmentera de fa\u00e7on drastique, menant \u00e0 davantage de troubles sociaux et \u00e0 des protestations, qui \u00e0 leur tour repr\u00e9senteront une r\u00e9elle menace pour la stabilit\u00e9 des pays et des syst\u00e8mes international, social, \u00e9conomique et politique.<\/p>\n<p>Pour maintenir la stabilit\u00e9 du gouvernement, nous croyons que le ch\u00f4mage devrait \u00eatre trait\u00e9 comme une question n\u00e9cessitant une attention imm\u00e9diate et pr\u00e9cise. Nous sugg\u00e9rons que des mesures audacieuses sont maintenant n\u00e9cessaires pour endiguer le cycle du d\u00e9clin dans lequel nous nous trouvons. Pour y parvenir, nous proposons que soit mis en place un m\u00e9canisme national d\u2019urgence, avec les objectifs suivants:<br \/>\n\u2022 Int\u00e9grer les ch\u00f4meurs dans un cadre d\u2019\u00e9tude continu (qui sera d\u00e9taill\u00e9 ci-dessous), qui sera consid\u00e9r\u00e9 comme \u00abun emploi \u00bb;<\/p>\n<p>\u2022 Emp\u00eacher l\u2019inactivit\u00e9 affich\u00e9e publiquement, l\u2019amertume et les manifestations de masse;<\/p>\n<p>\u2022 Fournir aux ch\u00f4meurs des outils pour r\u00e9int\u00e9grer le march\u00e9 de l\u2019emploi;<\/p>\n<p>\u2022 Offrir des bourses qui couvrent les besoins vitaux et une vie digne, sous r\u00e9serve de la participation au programme d\u2019\u00e9tude<br \/>\n\u2022 Regagner la dignit\u00e9 des ch\u00f4meurs par \u00ab\u00a0la revalorisation\u00a0\u00bb de leur statut social en passant de celui \u00ab\u00a0d\u2019exclus\u00bb \u00e0 celui optant pour une \u00ab am\u00e9lioration \u00bb de leurs comp\u00e9tences sociales et professionnelles;<\/p>\n<p>\u2022 Am\u00e9liorer l\u2019empathie avec la coh\u00e9sion sociale et l\u2019\u00c9tat, plus que jamais maintenant, en temps de crise.<br \/>\nLe contenu du programme d\u2019\u00e9tude<a href=\"http:\/\/laitman-fr.wp.kbb1.com\/wp-includes\/js\/tinymce\/plugins\/paste\/pasteword.htm?ver=327-1235200#_ftn1\">[1]<\/a> pour les ch\u00f4meurs comprendra, entre autres les sujets suivants:<\/p>\n<p>\u2022 Examen de la situation financi\u00e8re personnelle. Il permettra de vivre dans la dignit\u00e9 selon les possibilit\u00e9s que la bourse accord\u00e9e aux ch\u00f4meurs permettra.<\/p>\n<p>\u2022 Apprendre \u00e0 vivre dans des conditions d\u2019incertitude. Il s\u2019agira notamment de maintenir la solidit\u00e9 de l\u2019unit\u00e9 familiale, avec un accent particulier mit sur les responsabilit\u00e9s parentales, l\u2019am\u00e9lioration et le maintien de la stabilit\u00e9 mentale et \u00e9motionnelle, et le d\u00e9veloppement et l\u2019am\u00e9lioration des capacit\u00e9s sociales.<\/p>\n<p>\u2022 Apprendre aux gens les cons\u00e9quences du resserrement des connexions entre les individus, les entreprises et les pays, de quelle fa\u00e7on il touche les besoins fondamentaux des gens, et notre r\u00e9alit\u00e9 quotidienne aux niveaux national et international. Chaque personne devra se rendre compte qu\u2019\u00e0 l\u2019\u00e8re de la mondialisation, nous tous\u00a0: simples citoyens, les riches et les puissants et les d\u00e9cideurs \u2013 sommes dans le m\u00eame bateau.<\/p>\n<p>\u2022 Fournir les comp\u00e9tences sociales n\u00e9cessaires pour une existence durable dans un monde interconnect\u00e9: la solidarit\u00e9 sociale, la consid\u00e9ration d\u2019autrui et de l\u2019environnement, et la consommation raisonnable et \u00e9quilibr\u00e9e.<br \/>\nUn tel m\u00e9canisme \u00e9ducatif issus de la crise rassurera les gens, offrant ainsi au gouvernement le d\u00e9lai n\u00e9cessaire pour faire face aux d\u00e9fis mondiaux et garantira la stabilit\u00e9 nationale et internationale.<br \/>\nEn tant qu\u2019organisation p\u00e9dagogique qui coop\u00e8re avec des organisations au plus haut niveau, nous serions heureux d\u2019avoir l\u2019opportunit\u00e9 de travailler avec vous et de fournir les outils et l\u2019expertise requises pour mettre en \u0153uvre notre plan.<\/p>\n","protected":false},"excerpt":{"rendered":"<p>l\u2019Institut de recherche ARI a envoy\u00e9 une lettre \u00e0 tous les d\u00e9cideurs, politiciens, \u00e9conomistes et hommes d&rsquo;affaires\u00a0dans le but d&rsquo;initier le dialogue pour trouver une solution aux\u00a0probl\u00e8mes li\u00e9s \u00e0 la crise. Mesdames, messieurs Les r\u00e9percutions de l\u2019escalade de la crise<span class=\"ellipsis\">&hellip;<\/span><\/p>\n<div class=\"read-more\"><a href=\"https:\/\/www.michaellaitman.com\/fr\/articles\/letter-influencers-advance-g-20-cannes-summit\/\">Lire la suite &#8250;<\/a><\/div>\n<p><!-- end of .read-more --><\/p>\n","protected":false},"author":1,"featured_media":0,"comment_status":"open","ping_status":"open","sticky":false,"template":"","format":"standard","meta":{"ngg_post_thumbnail":0,"footnotes":""},"categories":[19],"tags":[],"class_list":["post-527","post","type-post","status-publish","format-standard","hentry","category-articles"],"_links":{"self":[{"href":"https:\/\/www.michaellaitman.com\/fr\/wp-json\/wp\/v2\/posts\/527","targetHints":{"allow":["GET"]}}],"collection":[{"href":"https:\/\/www.michaellaitman.com\/fr\/wp-json\/wp\/v2\/posts"}],"about":[{"href":"https:\/\/www.michaellaitman.com\/fr\/wp-json\/wp\/v2\/types\/post"}],"author":[{"embeddable":true,"href":"https:\/\/www.michaellaitman.com\/fr\/wp-json\/wp\/v2\/users\/1"}],"replies":[{"embeddable":true,"href":"https:\/\/www.michaellaitman.com\/fr\/wp-json\/wp\/v2\/comments?post=527"}],"version-history":[{"count":0,"href":"https:\/\/www.michaellaitman.com\/fr\/wp-json\/wp\/v2\/posts\/527\/revisions"}],"wp:attachment":[{"href":"https:\/\/www.michaellaitman.com\/fr\/wp-json\/wp\/v2\/media?parent=527"}],"wp:term":[{"taxonomy":"category","embeddable":true,"href":"https:\/\/www.michaellaitman.com\/fr\/wp-json\/wp\/v2\/categories?post=527"},{"taxonomy":"post_tag","embeddable":true,"href":"https:\/\/www.michaellaitman.com\/fr\/wp-json\/wp\/v2\/tags?post=527"}],"curies":[{"name":"wp","href":"https:\/\/api.w.org\/{rel}","templated":true}]}}