{"id":50,"date":"2012-09-22T14:31:49","date_gmt":"2012-09-22T14:31:49","guid":{"rendered":"http:\/\/dev.michaellaitman.kbb1.com\/?p=50"},"modified":"2015-02-11T11:19:06","modified_gmt":"2015-02-11T10:19:06","slug":"leader-in-global-change","status":"publish","type":"post","link":"https:\/\/www.michaellaitman.com\/fr\/news\/leader-in-global-change\/","title":{"rendered":"Leader d&rsquo;un changement mondial"},"content":{"rendered":"<p>Les travaux de Micha\u00ebl Laitman dans le domaine de l\u2019\u00e9ducation ont \u00e9t\u00e9 pr\u00e9sent\u00e9s \u00e0 la Directrice g\u00e9n\u00e9rale de l\u2019UNESCO, Madame Irina Bokova, qui l\u2019a qualifi\u00e9 de \u00ab v\u00e9ritable visionnaire \u00bb apr\u00e8s l\u2019avoir rencontr\u00e9 \u00e0 Paris<\/p>\n<p><!--more--><\/p>\n<p>Parmi les propositions de Micha\u00ebl Laitman pour faire avancer l\u2019\u00e9ducation\u00a0dans le monde actuel, il\u00a0a soulign\u00e9 la n\u00e9cessit\u00e9 de prendre en consid\u00e9ration la jeunesse d\u2019aujourd\u2019hui\u00a0et de\u00a0la pr\u00e9parer \u00e0 un monde global. L\u2019Institut ARI, pr\u00e9sid\u00e9 par Mich\u00ebl Laitman,\u00a0a \u00e9t\u00e9 par la suite,\u00a0invit\u00e9 \u00e0 participer \u00e0 une s\u00e9rie d\u2019initiatives sur l\u2019\u00e9ducation\u00a0organis\u00e9e par\u00a0l\u2019ONU et l\u2019UNESCO.<\/p>\n<p>Micha\u00ebl Laitman a \u00e9t\u00e9 couvert par diff\u00e9rentes publications internationales, comme, pour n\u2019en citer que quelques uns: le \u00a0<em>New York Times, El Mundo, The Chicago Tribune, The Miami Herald, The Jerusalem Post et The Globe<\/em>. Il a particip\u00e9 \u00e0 plusieurs \u00e9missions de t\u00e9l\u00e9vision, y compris <em>SKY TV (Skytg24<\/em>) et <em>Medias<\/em> et <em>TV (Tg5<\/em>), <em>Univision<\/em> et <em>Bloomberg TV.<\/em><\/p>\n","protected":false},"excerpt":{"rendered":"<p>Les travaux de Micha\u00ebl Laitman dans le domaine de l\u2019\u00e9ducation ont \u00e9t\u00e9 pr\u00e9sent\u00e9s \u00e0 la Directrice g\u00e9n\u00e9rale de l\u2019UNESCO, Madame Irina Bokova, qui l\u2019a qualifi\u00e9 de \u00ab v\u00e9ritable visionnaire \u00bb apr\u00e8s l\u2019avoir rencontr\u00e9 \u00e0 Paris<\/p>\n<div class=\"read-more\"><a href=\"https:\/\/www.michaellaitman.com\/fr\/news\/leader-in-global-change\/\">Lire la suite &#8250;<\/a><\/div>\n<p><!-- end of .read-more --><\/p>\n","protected":false},"author":1,"featured_media":58,"comment_status":"open","ping_status":"open","sticky":false,"template":"","format":"standard","meta":{"ngg_post_thumbnail":0,"footnotes":""},"categories":[5],"tags":[],"class_list":["post-50","post","type-post","status-publish","format-standard","has-post-thumbnail","hentry","category-news"],"_links":{"self":[{"href":"https:\/\/www.michaellaitman.com\/fr\/wp-json\/wp\/v2\/posts\/50","targetHints":{"allow":["GET"]}}],"collection":[{"href":"https:\/\/www.michaellaitman.com\/fr\/wp-json\/wp\/v2\/posts"}],"about":[{"href":"https:\/\/www.michaellaitman.com\/fr\/wp-json\/wp\/v2\/types\/post"}],"author":[{"embeddable":true,"href":"https:\/\/www.michaellaitman.com\/fr\/wp-json\/wp\/v2\/users\/1"}],"replies":[{"embeddable":true,"href":"https:\/\/www.michaellaitman.com\/fr\/wp-json\/wp\/v2\/comments?post=50"}],"version-history":[{"count":1,"href":"https:\/\/www.michaellaitman.com\/fr\/wp-json\/wp\/v2\/posts\/50\/revisions"}],"predecessor-version":[{"id":636,"href":"https:\/\/www.michaellaitman.com\/fr\/wp-json\/wp\/v2\/posts\/50\/revisions\/636"}],"wp:featuredmedia":[{"embeddable":true,"href":"https:\/\/www.michaellaitman.com\/fr\/wp-json\/wp\/v2\/media\/58"}],"wp:attachment":[{"href":"https:\/\/www.michaellaitman.com\/fr\/wp-json\/wp\/v2\/media?parent=50"}],"wp:term":[{"taxonomy":"category","embeddable":true,"href":"https:\/\/www.michaellaitman.com\/fr\/wp-json\/wp\/v2\/categories?post=50"},{"taxonomy":"post_tag","embeddable":true,"href":"https:\/\/www.michaellaitman.com\/fr\/wp-json\/wp\/v2\/tags?post=50"}],"curies":[{"name":"wp","href":"https:\/\/api.w.org\/{rel}","templated":true}]}}